{"id":141657,"date":"2022-09-22T16:59:30","date_gmt":"2022-09-22T14:59:30","guid":{"rendered":"https:\/\/www.wash-megroup.com\/was-sollte-ich-beim-waschen-einer-plaid-beachten\/"},"modified":"2023-09-13T17:53:56","modified_gmt":"2023-09-13T15:53:56","slug":"was-sollte-ich-beim-waschen-einer-plaid-beachten","status":"publish","type":"post","link":"https:\/\/www.wash-megroup.com\/de-at\/was-sollte-ich-beim-waschen-einer-plaid-beachten\/","title":{"rendered":"Was sollte ich beim Waschen einer Plaid beachten?"},"content":{"rendered":"\n<h1 class=\"wp-block-heading\"><strong>Wie w\u00e4scht man eine Plaid?<\/strong><\/h1>\n\n<p>An Winterabenden ist die Plaid zu einem unverzichtbaren Accessoire geworden, das man zum Zuplaidn beim Filmschauen ebenso verwenden kann wie zum Schm\u00f6kern oder f\u00fcr ein Nickerchen. In einem Korb verstaut oder auf dem Sofa abgelegt, ist sie stets griffbereit und h\u00e4lt warm, sobald man sie braucht. Sie kann jedoch, genau wie die Kissen des Sofas, dazu neigen, bei h\u00e4ufigem Gebrauch schmutzig zu werden, weshalb die Plaid von Zeit zu Zeit gewaschen werden sollte! Wie w\u00e4scht man also eine Plaid? Entdecken Sie unsere Tipps!<\/p>\n\n<figure class=\"wp-block-image size-full\"><img decoding=\"async\" width=\"680\" height=\"453\" src=\"https:\/\/www.Wash-ME-laundry.fr\/wp-content\/uploads\/2021\/12\/AdobeStock_256532744.jpg\" alt=\"\" class=\"wp-image-10912\" srcset=\"https:\/\/www.wash-megroup.com\/wp-content\/uploads\/2021\/12\/AdobeStock_256532744.jpg 680w, https:\/\/www.wash-megroup.com\/wp-content\/uploads\/2021\/12\/AdobeStock_256532744-300x200.jpg 300w\" sizes=\"(max-width: 680px) 100vw, 680px\" \/><\/figure>\n\n<h2 class=\"wp-block-heading\"><strong>Aus welchem Material ist meine Plaid<\/strong>?<\/h2>\n\n<p>Bevor Sie sich mit den Techniken zum Waschen von Plaids vertraut machen, sollten Sie wissen, aus welchem Material Ihre Plaid besteht. Am h\u00e4ufigsten wird man von einer Fleecedecke sprechen, die ein weiches und zugleich warmes Material ist, das sich perfekt f\u00fcr diese Art von Artikel eignet. Es gibt aber auch Plaids aus Samt, Baumwolle oder Wolle. Daher sollte man wissen, aus welchem Material die Plaid besteht, um die Reinigung durchzuf\u00fchren.<\/p>\n\n<p>In den allermeisten F\u00e4llen wird es sich um eine Fleecedecke handeln, und es gibt verschiedene Arten von Fleece. Es gibt zum Beispiel Fleece aus Recyclingmaterial, das sich perfekt f\u00fcr einen Artikel zu eignet, der die Auswirkungen auf die Umwelt begrenzt und die gleichen Vorteile wie herk\u00f6mmliches Fleece bietet. Es gibt auch Fleece, das aus Polyester (synthetisches Material) gefertigt ist und f\u00fcr seine hervorragenden w\u00e4rmenden Eigenschaften bekannt ist. Mikrofaserfleece kombiniert Polyester, Nylon und Elastan, was f\u00fcr eine noch bessere Isolierung des Artikels sorgt. Schlie\u00dflich sollte man auch nat\u00fcrliches Fleece erw\u00e4hnen, das insbesondere aus Schafwolle bestehen kann, was es w\u00e4rmer und angenehmer, aber auch empfindlicher macht.<\/p>\n\n<h2 class=\"wp-block-heading\"><strong>Wo kann man eine Plaidw\u00e4sche durchf\u00fchren?\u00a0<\/strong><\/h2>\n\n<p>Das Waschen von Plaids kann auf verschiedene Arten erfolgen. Bei den kleineren Modellen kann man eine Plaidw\u00e4sche auch zu Hause durchf\u00fchren, wenn man eine Waschmaschine hat. Wenn Sie jedoch mehrere Plaids auf einmal waschen m\u00f6chten oder ein gro\u00dfes Modell haben, das nicht in Ihre Maschine passt, k\u00f6nnen Sie durchaus den Weg in einen Waschstation w\u00e4hlen. Die Maschinen in Waschstations verf\u00fcgen \u00fcber eine gr\u00f6\u00dfere Kapazit\u00e4t, sodass Sie Ihre W\u00e4sche in einem Rutsch waschen k\u00f6nnen, ohne sich Sorgen machen zu m\u00fcssen, ob Ihre Plaid in die Maschine passt. Auch eine Reinigung ist m\u00f6glich, aber oft mit Kosten verbunden und nur dann empfehlenswert, wenn die Plaid aus empfindlichem Material besteht oder besonders teuer ist.<\/p>\n\n<figure class=\"wp-block-image size-full\"><img decoding=\"async\" width=\"680\" height=\"453\" src=\"https:\/\/www.Wash-ME-laundry.fr\/wp-content\/uploads\/2021\/12\/AdobeStock_454025259.jpg\" alt=\"\" class=\"wp-image-10926\" srcset=\"https:\/\/www.wash-megroup.com\/wp-content\/uploads\/2021\/12\/AdobeStock_454025259.jpg 680w, https:\/\/www.wash-megroup.com\/wp-content\/uploads\/2021\/12\/AdobeStock_454025259-300x200.jpg 300w\" sizes=\"(max-width: 680px) 100vw, 680px\" \/><\/figure>\n\n<h2 class=\"wp-block-heading\"><strong>Wie w\u00e4scht man eine Plaid?\u00a0<\/strong><\/h2>\n\n<p>F\u00fcr eine effektive und schnelle Plaidw\u00e4sche ist also zu Hause oder im Waschstation der richtige Ort. Am h\u00e4ufigsten wird empfohlen, die Anweisungen auf dem Etikett seines Modells zu lesen, aber wenn man die Empfehlungen des Herstellers in dieser Hinsicht nicht kennt, kann man immer noch unseren Empfehlungen folgen. Bei einer Plaid aus synthetischem Material sollte man ein mittleres Waschprogramm zwischen 30\u00b0 und 40\u00b0 w\u00e4hlen, damit das Plaid nicht \u00fcberhitzt und seine Weichheit nicht durch das Waschen beeintr\u00e4chtigt wird. Wenn Ihnen bekannt ist, dass Ihre Plaid aus nat\u00fcrlichen Materialien wie Wolle besteht, w\u00e4hlen Sie einen Wollwaschgang. Das Waschen von Plaids in der Waschmaschine erm\u00f6glicht es Ihnen, Ihre Plaids sanft zu reinigen, ohne sie zu sehr zu besch\u00e4digen.<\/p>\n\n<p>Zum Trocknen wird oft empfohlen, sich f\u00fcr das Trocknen an der Luft zu entscheiden, da dies die Plaid vor Besch\u00e4digungen sch\u00fctzt. Wir entscheiden uns also f\u00fcr einen sch\u00f6nen, sonnigen Tag, um von einem schnellen Trocknen im Freien zu profitieren, oder einen gut bel\u00fcfteten Raum f\u00fcr das Trocknen in geschlossenen R\u00e4umen. Danach kann man die Plaid wieder benutzen oder sie bis zur R\u00fcckkehr der kalten Jahreszeit im n\u00e4chsten Jahr aufbewahren.<\/p>\n\n<h2 class=\"wp-block-heading\"><strong>Wie oft wird das Waschen von Plaids empfohlen?<\/strong><\/h2>\n\n<p>Das Waschen von Plaids ist ein notwendiger Vorgang, um in den Genuss einer weichen und gut riechenden Plaid zu kommen. Es wird daher empfohlen, sie je nach Nutzung drei- bis viermal im Jahr zu waschen. Allergiker k\u00f6nnen nat\u00fcrlich h\u00e4ufiger waschen, oder Personen mit Haustieren, da diese dazu neigen k\u00f6nnen, sich darauf niederzulassen (in diesem Fall empfehlen wir Ihnen, eine spezielle Decke f\u00fcr Ihr Haustier zu finden). Wenn Sie Ihre Plaid bei mittlerer Temperatur und regelm\u00e4\u00dfig waschen, bleibt sie sauber, ohne ihre Weichheit zu verlieren. So k\u00f6nnen Sie sich auch in den k\u00fchleren Jahreszeiten zudecken und es sich auf dem Sofa gem\u00fctlich machen.<\/p>\n\n<p>Hier ist ein weiterer Artikel, der Sie interessieren k\u00f6nnte: <a href=\"https:\/\/www.wash-megroup.com\/de-at\/bettdeckenreinigung-unsere-praktischen-tipps\/\">Die richtige Reinigung von Bettdecken<\/a><\/p>\n","protected":false},"excerpt":{"rendered":"<p>Wie w\u00e4scht man eine Plaid? An Winterabenden ist die Plaid zu einem&#8230;<\/p>\n","protected":false},"author":2,"featured_media":18791,"comment_status":"open","ping_status":"closed","sticky":false,"template":"","format":"standard","meta":{"_acf_changed":false,"footnotes":""},"categories":[286],"tags":[],"class_list":["post-141657","post","type-post","status-publish","format-standard","has-post-thumbnail","hentry","category-waschtipps"],"acf":[],"yoast_head":"<title>Was sollte ich beim Waschen einer Plaid beachten?<\/title>\n<meta name=\"description\" content=\"Pflegen Sie Ihre Declen mit einem geeigneten Waschprogramm f\u00fcr Plaids, damit sie ihre W\u00e4rme und Weichheit behalten!\" \/>\n<meta name=\"robots\" content=\"index, follow, max-snippet:-1, max-image-preview:large, max-video-preview:-1\" \/>\n<link rel=\"canonical\" href=\"https:\/\/www.wash-megroup.com\/de-at\/was-sollte-ich-beim-waschen-einer-plaid-beachten\/\" \/>\n<meta property=\"og:locale\" content=\"de_DE\" \/>\n<meta property=\"og:type\" content=\"article\" \/>\n<meta property=\"og:title\" content=\"Was sollte ich beim Waschen einer Plaid beachten?\" \/>\n<meta property=\"og:description\" content=\"Pflegen Sie Ihre Declen mit einem geeigneten Waschprogramm f\u00fcr Plaids, damit sie ihre W\u00e4rme und Weichheit behalten!\" \/>\n<meta property=\"og:url\" content=\"https:\/\/www.wash-megroup.com\/de-at\/was-sollte-ich-beim-waschen-einer-plaid-beachten\/\" \/>\n<meta property=\"og:site_name\" content=\"Wash-ME\" \/>\n<meta property=\"article:published_time\" content=\"2022-09-22T14:59:30+00:00\" \/>\n<meta property=\"article:modified_time\" content=\"2023-09-13T15:53:56+00:00\" \/>\n<meta property=\"og:image\" content=\"https:\/\/www.wash-megroup.com\/wp-content\/uploads\/2021\/12\/LAVAGE-PLAID_VIGNETTES_SITE-REVO_DECEMBRE-2021.jpg\" \/>\n\t<meta property=\"og:image:width\" content=\"400\" \/>\n\t<meta property=\"og:image:height\" content=\"400\" \/>\n\t<meta property=\"og:image:type\" content=\"image\/jpeg\" \/>\n<meta name=\"author\" content=\"nicolas\" \/>\n<meta name=\"twitter:card\" content=\"summary_large_image\" \/>\n<meta name=\"twitter:label1\" content=\"Verfasst von\" \/>\n\t<meta name=\"twitter:data1\" content=\"nicolas\" \/>\n\t<meta name=\"twitter:label2\" content=\"Gesch\u00e4tzte Lesezeit\" \/>\n\t<meta name=\"twitter:data2\" content=\"4 Minuten\" \/>\n<script type=\"application\/ld+json\" class=\"yoast-schema-graph\">{\"@context\":\"https:\/\/schema.org\",\"@graph\":[{\"@type\":\"Article\",\"@id\":\"https:\/\/www.wash-megroup.com\/de-at\/was-sollte-ich-beim-waschen-einer-plaid-beachten\/#article\",\"isPartOf\":{\"@id\":\"https:\/\/www.wash-megroup.com\/de-at\/was-sollte-ich-beim-waschen-einer-plaid-beachten\/\"},\"author\":{\"name\":\"nicolas\",\"@id\":\"https:\/\/www.wash-megroup.com\/de-at\/#\/schema\/person\/0c9cd1a9aa291950600dc0150596c038\"},\"headline\":\"Was sollte ich beim Waschen einer Plaid beachten?\",\"datePublished\":\"2022-09-22T14:59:30+00:00\",\"dateModified\":\"2023-09-13T15:53:56+00:00\",\"mainEntityOfPage\":{\"@id\":\"https:\/\/www.wash-megroup.com\/de-at\/was-sollte-ich-beim-waschen-einer-plaid-beachten\/\"},\"wordCount\":769,\"commentCount\":0,\"publisher\":{\"@id\":\"https:\/\/www.wash-megroup.com\/de-at\/#organization\"},\"image\":{\"@id\":\"https:\/\/www.wash-megroup.com\/de-at\/was-sollte-ich-beim-waschen-einer-plaid-beachten\/#primaryimage\"},\"thumbnailUrl\":\"https:\/\/www.wash-megroup.com\/wp-content\/uploads\/2021\/12\/LAVAGE-PLAID_VIGNETTES_SITE-REVO_DECEMBRE-2021.jpg\",\"articleSection\":[\"Waschtipps\"],\"inLanguage\":\"de-AT\",\"potentialAction\":[{\"@type\":\"CommentAction\",\"name\":\"Comment\",\"target\":[\"https:\/\/www.wash-megroup.com\/de-at\/was-sollte-ich-beim-waschen-einer-plaid-beachten\/#respond\"]}]},{\"@type\":\"WebPage\",\"@id\":\"https:\/\/www.wash-megroup.com\/de-at\/was-sollte-ich-beim-waschen-einer-plaid-beachten\/\",\"url\":\"https:\/\/www.wash-megroup.com\/de-at\/was-sollte-ich-beim-waschen-einer-plaid-beachten\/\",\"name\":\"Was sollte ich beim Waschen einer Plaid beachten?\",\"isPartOf\":{\"@id\":\"https:\/\/www.wash-megroup.com\/de-at\/#website\"},\"primaryImageOfPage\":{\"@id\":\"https:\/\/www.wash-megroup.com\/de-at\/was-sollte-ich-beim-waschen-einer-plaid-beachten\/#primaryimage\"},\"image\":{\"@id\":\"https:\/\/www.wash-megroup.com\/de-at\/was-sollte-ich-beim-waschen-einer-plaid-beachten\/#primaryimage\"},\"thumbnailUrl\":\"https:\/\/www.wash-megroup.com\/wp-content\/uploads\/2021\/12\/LAVAGE-PLAID_VIGNETTES_SITE-REVO_DECEMBRE-2021.jpg\",\"datePublished\":\"2022-09-22T14:59:30+00:00\",\"dateModified\":\"2023-09-13T15:53:56+00:00\",\"description\":\"Pflegen Sie Ihre Declen mit einem geeigneten Waschprogramm f\u00fcr Plaids, damit sie ihre W\u00e4rme und Weichheit behalten!\",\"breadcrumb\":{\"@id\":\"https:\/\/www.wash-megroup.com\/de-at\/was-sollte-ich-beim-waschen-einer-plaid-beachten\/#breadcrumb\"},\"inLanguage\":\"de-AT\",\"potentialAction\":[{\"@type\":\"ReadAction\",\"target\":[\"https:\/\/www.wash-megroup.com\/de-at\/was-sollte-ich-beim-waschen-einer-plaid-beachten\/\"]}]},{\"@type\":\"ImageObject\",\"inLanguage\":\"de-AT\",\"@id\":\"https:\/\/www.wash-megroup.com\/de-at\/was-sollte-ich-beim-waschen-einer-plaid-beachten\/#primaryimage\",\"url\":\"https:\/\/www.wash-megroup.com\/wp-content\/uploads\/2021\/12\/LAVAGE-PLAID_VIGNETTES_SITE-REVO_DECEMBRE-2021.jpg\",\"contentUrl\":\"https:\/\/www.wash-megroup.com\/wp-content\/uploads\/2021\/12\/LAVAGE-PLAID_VIGNETTES_SITE-REVO_DECEMBRE-2021.jpg\",\"width\":400,\"height\":400},{\"@type\":\"BreadcrumbList\",\"@id\":\"https:\/\/www.wash-megroup.com\/de-at\/was-sollte-ich-beim-waschen-einer-plaid-beachten\/#breadcrumb\",\"itemListElement\":[{\"@type\":\"ListItem\",\"position\":1,\"name\":\"Home\",\"item\":\"https:\/\/www.wash-megroup.com\/de-at\/\"},{\"@type\":\"ListItem\",\"position\":2,\"name\":\"Was sollte ich beim Waschen einer Plaid beachten?\"}]},{\"@type\":\"WebSite\",\"@id\":\"https:\/\/www.wash-megroup.com\/de-at\/#website\",\"url\":\"https:\/\/www.wash-megroup.com\/de-at\/\",\"name\":\"Wash-ME\",\"description\":\"Acc\u00e9dez \u00e0 l&#039;espace particulier\",\"publisher\":{\"@id\":\"https:\/\/www.wash-megroup.com\/de-at\/#organization\"},\"potentialAction\":[{\"@type\":\"SearchAction\",\"target\":{\"@type\":\"EntryPoint\",\"urlTemplate\":\"https:\/\/www.wash-megroup.com\/de-at\/?s={search_term_string}\"},\"query-input\":{\"@type\":\"PropertyValueSpecification\",\"valueRequired\":true,\"valueName\":\"search_term_string\"}}],\"inLanguage\":\"de-AT\"},{\"@type\":\"Organization\",\"@id\":\"https:\/\/www.wash-megroup.com\/de-at\/#organization\",\"name\":\"Wash-ME\",\"url\":\"https:\/\/www.wash-megroup.com\/de-at\/\",\"logo\":{\"@type\":\"ImageObject\",\"inLanguage\":\"de-AT\",\"@id\":\"https:\/\/www.wash-megroup.com\/de-at\/#\/schema\/logo\/image\/\",\"url\":\"https:\/\/www.wash-megroup.com\/wp-content\/uploads\/2021\/07\/logo_revolaundry_white@2x.png\",\"contentUrl\":\"https:\/\/www.wash-megroup.com\/wp-content\/uploads\/2021\/07\/logo_revolaundry_white@2x.png\",\"width\":538,\"height\":146,\"caption\":\"Wash-ME\"},\"image\":{\"@id\":\"https:\/\/www.wash-megroup.com\/de-at\/#\/schema\/logo\/image\/\"}},{\"@type\":\"Person\",\"@id\":\"https:\/\/www.wash-megroup.com\/de-at\/#\/schema\/person\/0c9cd1a9aa291950600dc0150596c038\",\"name\":\"nicolas\",\"image\":{\"@type\":\"ImageObject\",\"inLanguage\":\"de-AT\",\"@id\":\"https:\/\/www.wash-megroup.com\/de-at\/#\/schema\/person\/image\/\",\"url\":\"https:\/\/secure.gravatar.com\/avatar\/2020af5255620f595c5ef65407fa374390b28fe8c980186c0b76ebbb036baa6b?s=96&d=mm&r=g\",\"contentUrl\":\"https:\/\/secure.gravatar.com\/avatar\/2020af5255620f595c5ef65407fa374390b28fe8c980186c0b76ebbb036baa6b?s=96&d=mm&r=g\",\"caption\":\"nicolas\"},\"url\":\"https:\/\/www.wash-megroup.com\/de-at\/author\/nicolas\/\"}]}<\/script>","yoast_head_json":{"title":"Was sollte ich beim Waschen einer Plaid beachten?","description":"Pflegen Sie Ihre Declen mit einem geeigneten Waschprogramm f\u00fcr Plaids, damit sie ihre W\u00e4rme und Weichheit behalten!","robots":{"index":"index","follow":"follow","max-snippet":"max-snippet:-1","max-image-preview":"max-image-preview:large","max-video-preview":"max-video-preview:-1"},"canonical":"https:\/\/www.wash-megroup.com\/de-at\/was-sollte-ich-beim-waschen-einer-plaid-beachten\/","og_locale":"de_DE","og_type":"article","og_title":"Was sollte ich beim Waschen einer Plaid beachten?","og_description":"Pflegen Sie Ihre Declen mit einem geeigneten Waschprogramm f\u00fcr Plaids, damit sie ihre W\u00e4rme und Weichheit behalten!","og_url":"https:\/\/www.wash-megroup.com\/de-at\/was-sollte-ich-beim-waschen-einer-plaid-beachten\/","og_site_name":"Wash-ME","article_published_time":"2022-09-22T14:59:30+00:00","article_modified_time":"2023-09-13T15:53:56+00:00","og_image":[{"width":400,"height":400,"url":"https:\/\/www.wash-megroup.com\/wp-content\/uploads\/2021\/12\/LAVAGE-PLAID_VIGNETTES_SITE-REVO_DECEMBRE-2021.jpg","type":"image\/jpeg"}],"author":"nicolas","twitter_card":"summary_large_image","twitter_misc":{"Verfasst von":"nicolas","Gesch\u00e4tzte Lesezeit":"4 Minuten"},"schema":{"@context":"https:\/\/schema.org","@graph":[{"@type":"Article","@id":"https:\/\/www.wash-megroup.com\/de-at\/was-sollte-ich-beim-waschen-einer-plaid-beachten\/#article","isPartOf":{"@id":"https:\/\/www.wash-megroup.com\/de-at\/was-sollte-ich-beim-waschen-einer-plaid-beachten\/"},"author":{"name":"nicolas","@id":"https:\/\/www.wash-megroup.com\/de-at\/#\/schema\/person\/0c9cd1a9aa291950600dc0150596c038"},"headline":"Was sollte ich beim Waschen einer Plaid beachten?","datePublished":"2022-09-22T14:59:30+00:00","dateModified":"2023-09-13T15:53:56+00:00","mainEntityOfPage":{"@id":"https:\/\/www.wash-megroup.com\/de-at\/was-sollte-ich-beim-waschen-einer-plaid-beachten\/"},"wordCount":769,"commentCount":0,"publisher":{"@id":"https:\/\/www.wash-megroup.com\/de-at\/#organization"},"image":{"@id":"https:\/\/www.wash-megroup.com\/de-at\/was-sollte-ich-beim-waschen-einer-plaid-beachten\/#primaryimage"},"thumbnailUrl":"https:\/\/www.wash-megroup.com\/wp-content\/uploads\/2021\/12\/LAVAGE-PLAID_VIGNETTES_SITE-REVO_DECEMBRE-2021.jpg","articleSection":["Waschtipps"],"inLanguage":"de-AT","potentialAction":[{"@type":"CommentAction","name":"Comment","target":["https:\/\/www.wash-megroup.com\/de-at\/was-sollte-ich-beim-waschen-einer-plaid-beachten\/#respond"]}]},{"@type":"WebPage","@id":"https:\/\/www.wash-megroup.com\/de-at\/was-sollte-ich-beim-waschen-einer-plaid-beachten\/","url":"https:\/\/www.wash-megroup.com\/de-at\/was-sollte-ich-beim-waschen-einer-plaid-beachten\/","name":"Was sollte ich beim Waschen einer Plaid beachten?","isPartOf":{"@id":"https:\/\/www.wash-megroup.com\/de-at\/#website"},"primaryImageOfPage":{"@id":"https:\/\/www.wash-megroup.com\/de-at\/was-sollte-ich-beim-waschen-einer-plaid-beachten\/#primaryimage"},"image":{"@id":"https:\/\/www.wash-megroup.com\/de-at\/was-sollte-ich-beim-waschen-einer-plaid-beachten\/#primaryimage"},"thumbnailUrl":"https:\/\/www.wash-megroup.com\/wp-content\/uploads\/2021\/12\/LAVAGE-PLAID_VIGNETTES_SITE-REVO_DECEMBRE-2021.jpg","datePublished":"2022-09-22T14:59:30+00:00","dateModified":"2023-09-13T15:53:56+00:00","description":"Pflegen Sie Ihre Declen mit einem geeigneten Waschprogramm f\u00fcr Plaids, damit sie ihre W\u00e4rme und Weichheit behalten!","breadcrumb":{"@id":"https:\/\/www.wash-megroup.com\/de-at\/was-sollte-ich-beim-waschen-einer-plaid-beachten\/#breadcrumb"},"inLanguage":"de-AT","potentialAction":[{"@type":"ReadAction","target":["https:\/\/www.wash-megroup.com\/de-at\/was-sollte-ich-beim-waschen-einer-plaid-beachten\/"]}]},{"@type":"ImageObject","inLanguage":"de-AT","@id":"https:\/\/www.wash-megroup.com\/de-at\/was-sollte-ich-beim-waschen-einer-plaid-beachten\/#primaryimage","url":"https:\/\/www.wash-megroup.com\/wp-content\/uploads\/2021\/12\/LAVAGE-PLAID_VIGNETTES_SITE-REVO_DECEMBRE-2021.jpg","contentUrl":"https:\/\/www.wash-megroup.com\/wp-content\/uploads\/2021\/12\/LAVAGE-PLAID_VIGNETTES_SITE-REVO_DECEMBRE-2021.jpg","width":400,"height":400},{"@type":"BreadcrumbList","@id":"https:\/\/www.wash-megroup.com\/de-at\/was-sollte-ich-beim-waschen-einer-plaid-beachten\/#breadcrumb","itemListElement":[{"@type":"ListItem","position":1,"name":"Home","item":"https:\/\/www.wash-megroup.com\/de-at\/"},{"@type":"ListItem","position":2,"name":"Was sollte ich beim Waschen einer Plaid beachten?"}]},{"@type":"WebSite","@id":"https:\/\/www.wash-megroup.com\/de-at\/#website","url":"https:\/\/www.wash-megroup.com\/de-at\/","name":"Wash-ME","description":"Acc\u00e9dez \u00e0 l&#039;espace particulier","publisher":{"@id":"https:\/\/www.wash-megroup.com\/de-at\/#organization"},"potentialAction":[{"@type":"SearchAction","target":{"@type":"EntryPoint","urlTemplate":"https:\/\/www.wash-megroup.com\/de-at\/?s={search_term_string}"},"query-input":{"@type":"PropertyValueSpecification","valueRequired":true,"valueName":"search_term_string"}}],"inLanguage":"de-AT"},{"@type":"Organization","@id":"https:\/\/www.wash-megroup.com\/de-at\/#organization","name":"Wash-ME","url":"https:\/\/www.wash-megroup.com\/de-at\/","logo":{"@type":"ImageObject","inLanguage":"de-AT","@id":"https:\/\/www.wash-megroup.com\/de-at\/#\/schema\/logo\/image\/","url":"https:\/\/www.wash-megroup.com\/wp-content\/uploads\/2021\/07\/logo_revolaundry_white@2x.png","contentUrl":"https:\/\/www.wash-megroup.com\/wp-content\/uploads\/2021\/07\/logo_revolaundry_white@2x.png","width":538,"height":146,"caption":"Wash-ME"},"image":{"@id":"https:\/\/www.wash-megroup.com\/de-at\/#\/schema\/logo\/image\/"}},{"@type":"Person","@id":"https:\/\/www.wash-megroup.com\/de-at\/#\/schema\/person\/0c9cd1a9aa291950600dc0150596c038","name":"nicolas","image":{"@type":"ImageObject","inLanguage":"de-AT","@id":"https:\/\/www.wash-megroup.com\/de-at\/#\/schema\/person\/image\/","url":"https:\/\/secure.gravatar.com\/avatar\/2020af5255620f595c5ef65407fa374390b28fe8c980186c0b76ebbb036baa6b?s=96&d=mm&r=g","contentUrl":"https:\/\/secure.gravatar.com\/avatar\/2020af5255620f595c5ef65407fa374390b28fe8c980186c0b76ebbb036baa6b?s=96&d=mm&r=g","caption":"nicolas"},"url":"https:\/\/www.wash-megroup.com\/de-at\/author\/nicolas\/"}]}},"_links":{"self":[{"href":"https:\/\/www.wash-megroup.com\/de-at\/wp-json\/wp\/v2\/posts\/141657","targetHints":{"allow":["GET"]}}],"collection":[{"href":"https:\/\/www.wash-megroup.com\/de-at\/wp-json\/wp\/v2\/posts"}],"about":[{"href":"https:\/\/www.wash-megroup.com\/de-at\/wp-json\/wp\/v2\/types\/post"}],"author":[{"embeddable":true,"href":"https:\/\/www.wash-megroup.com\/de-at\/wp-json\/wp\/v2\/users\/2"}],"replies":[{"embeddable":true,"href":"https:\/\/www.wash-megroup.com\/de-at\/wp-json\/wp\/v2\/comments?post=141657"}],"version-history":[{"count":2,"href":"https:\/\/www.wash-megroup.com\/de-at\/wp-json\/wp\/v2\/posts\/141657\/revisions"}],"predecessor-version":[{"id":167838,"href":"https:\/\/www.wash-megroup.com\/de-at\/wp-json\/wp\/v2\/posts\/141657\/revisions\/167838"}],"wp:featuredmedia":[{"embeddable":true,"href":"https:\/\/www.wash-megroup.com\/de-at\/wp-json\/wp\/v2\/media\/18791"}],"wp:attachment":[{"href":"https:\/\/www.wash-megroup.com\/de-at\/wp-json\/wp\/v2\/media?parent=141657"}],"wp:term":[{"taxonomy":"category","embeddable":true,"href":"https:\/\/www.wash-megroup.com\/de-at\/wp-json\/wp\/v2\/categories?post=141657"},{"taxonomy":"post_tag","embeddable":true,"href":"https:\/\/www.wash-megroup.com\/de-at\/wp-json\/wp\/v2\/tags?post=141657"}],"curies":[{"name":"wp","href":"https:\/\/api.w.org\/{rel}","templated":true}]}}