{"id":137633,"date":"2022-10-18T14:56:18","date_gmt":"2022-10-18T12:56:18","guid":{"rendered":"https:\/\/www.wash-megroup.com\/alergia-a-los-acaros-les-minutes-de-jeremy\/"},"modified":"2022-11-15T14:31:11","modified_gmt":"2022-11-15T13:31:11","slug":"alergia-a-los-acaros-les-minutes-de-jeremy","status":"publish","type":"post","link":"https:\/\/www.wash-megroup.com\/es-es\/alergia-a-los-acaros-les-minutes-de-jeremy\/","title":{"rendered":"Alergia a los \u00e1caros &#8211; Les Minutes de J\u00e9r\u00e9my"},"content":{"rendered":"\n<h1 class=\"wp-block-heading\"><strong>Alergia a los \u00e1caros<\/strong> <\/h1>\n\n<p>\u00bfSab\u00edas que debe lavar el edred\u00f3n cada tres meses? En Les Minutes de J\u00e9r\u00e9my se explican las diferentes causas y mecanismos de las alergias respiratorias, centr\u00e1ndose en los \u00e1caros, \u00a1y nos dan algunas recomendaciones para nuestra ropa de cama!<\/p>\n<div class=\"block-video block-video--text-before block-video--bg-top\">\n    <div class=\"block-video__wrapper\">\n        <div class=\"block-video__container\">\n\t        \t\t        <div class=\"block-video__title-wrapper\">\n\t\t\t        <h2 class=\"title block-video__title title--size-m\">\n    Les Minutes de J\u00e9r\u00e9my X Wash ME<\/h2>\n\t\t        <\/div>\n\t                                    <div class=\"block-video__text\">\n                    <div class=\"text \">\n    V\u00eddeo realizado en colaboraci\u00f3n con el youtuber del canal \u00abLes minutes de J\u00e9r\u00e9my\u00bb, un estudiante de enfermer\u00eda y anestesista cuyo contenido pretende popularizar temas sobre la salud en YouTube e Instagram.<\/div>\n                <\/div>\n                        <div class=\"block-video__video\">\n                <iframe class=\"video \" src=\"https:\/\/player.vimeo.com\/video\/696108246\"\n        allow=\"autoplay; fullscreen; picture-in-picture\" allowfullscreen><\/iframe>\n            <\/div>\n                                <\/div>\n    <\/div>\n<\/div>\n\n<h2 class=\"wp-block-heading\">transcripci\u00f3n del v\u00eddeo: <\/h2>\n\n<p>\u00abYa os he hablado en un v\u00eddeo anterior sobre la alergia al yodo, que resulta&#8230; que no existe. Hoy me gustar\u00eda hablar de la alergia al polvo, un t\u00e9rmino que todos hemos escuchado en alg\u00fan momento en nuestra vida. \u00bfCre\u00e9is que realmente podemos ser al\u00e9rgicos al polvo de nuestra casa? Responde en tu cabeza durante la introducci\u00f3n, pero lo explicar\u00e9 todo en este v\u00eddeo. Aunque aqu\u00ed os dejo un peque\u00f1o spoiler: todos vamos a querer hacer una gran limpieza de la casa justo despu\u00e9s de ver este v\u00eddeo.<br\/><br\/>As\u00ed que la respuesta no ser\u00e1 tan clara como en el caso de la alergia al yodo, porque aqu\u00ed el t\u00e9rmino \u00abalergia al polvo\u00bb es err\u00f3neo PERO se puede ser al\u00e9rgico a varios componentes del polvo&#8230;<br\/>El polvo est\u00e1 lleno de cosas, pelo de animales, si los tienes, polen y&#8230; \u00e1caros. Y aunque no lo parezca porque no los ves, es normal, un \u00e1caro no se puede ver a simple vista pero b\u00e1sicamente es esto: [image]. S\u00ed, estoy de acuerdo contigo, estamos bastante contentos de que no sean visibles&#8230;<br\/>\u00bfPor qu\u00e9 insisto en los \u00e1caros? Simplemente porque son la principal causa de las alergias respiratorias&#8230; Algo que afecta al 30\u00a0% de la poblaci\u00f3n. As\u00ed que, en teor\u00eda, una de cada tres personas que vean este v\u00eddeo tiene alergias respiratorias que se deben principalmente a los \u00e1caros presentes en el polvo&#8230; Los \u00e1caros llevan estudi\u00e1ndose desde hace d\u00e9cadas (111 a\u00f1os para ser exactos) y se han publicado varios centenares de estudios sobre el tema, que demuestran en particular este v\u00ednculo entre los \u00e1caros y las alergias respiratorias. Como siempre, puedes encontrar mis fuentes en la descripci\u00f3n que aparece m\u00e1s abajo.<br\/>Para presentar al animal [lit un livre]los \u00e1caros \u00abdom\u00e9sticos\u00bb son artr\u00f3podos, de la clase de los ar\u00e1cnidos (como las ara\u00f1as y los escorpiones&#8230;), tienen 8 patas y no tienen alas. Hay 50\u00a0000 especies diferentes y solo cuatro familias son responsables de las alergias respiratorias, y son justamente \u00e9stas las que se encuentran en nuestros hogares. Su tama\u00f1o difiere seg\u00fan la especie, pero la m\u00e1s com\u00fanmente encontrada en casa mide un m\u00e1ximo de 400 micr\u00f3metros. Se alimentan de nuestra&#8230; caspa&#8230; \u00a1Se alimentan de nuestra piel muerta!<br\/>Pero, \u00bfc\u00f3mo es que los \u00e1caros del polvo desencadenan las alergias respiratorias? Pues bien, un peque\u00f1o detalle que resulta un poco desagradable es que no son los \u00e1caros, los insectos en s\u00ed, los que van a provocar las alergias, sino m\u00e1s bien&#8230; sus desechos. Como sus heces, s\u00ed, pero tambi\u00e9n su saliva, sus c\u00e9lulas muertas, su cad\u00e1ver tambi\u00e9n, en fin, cosas que van dejando atr\u00e1s. Estos residuos pueden transportarse muy f\u00e1cilmente en el aire y, por tanto, ser inhalados por las personas en presencia de polvo. Una vez dentro del cuerpo, estas part\u00edculas pasar\u00e1n por la tr\u00e1quea y aterrizar\u00e1n en los bronquios, donde estimular\u00e1n e irritar\u00e1n el epitelio, la superficie que recubre los bronquios de las personas al\u00e9rgicas. Aqu\u00ed tenemos el cl\u00e1sico mecanismo de la alergia: nuestro cuerpo tiene una brigada capaz de reconocer mol\u00e9culas conocidas o desconocidas. Para un 20\u00a0% o 30\u00a0% de la poblaci\u00f3n, las part\u00edculas derivadas de los \u00e1caros ser\u00e1n desconocidas para el organismo, que por tanto intentar\u00e1 destruirlas a trav\u00e9s de lo que se conoce como inmunidad innata: se env\u00edan soldados al lugar de la \u00abinvasi\u00f3n dom\u00e9stica\u00bb de las mol\u00e9culas extra\u00f1as para destruir las part\u00edculas. Pero esta destrucci\u00f3n tiene un alto precio, ya que provocar\u00e1 una inflamaci\u00f3n local. Te recuerdo que aqu\u00ed estamos hablando de alergia respiratoria, por lo que la inflamaci\u00f3n se producir\u00e1 en los bronquios. Esta inflamaci\u00f3n puede provocar entonces rinitis o ataques de asma: las paredes de los bronquios se engrosan, el calibre disminuye y aparecen las dificultades respiratorias.<br\/>Por supuesto, no solo los \u00e1caros pueden desencadenar estas \u00abalergias respiratorias\u00bb, sino tambi\u00e9n la contaminaci\u00f3n (normalmente en las grandes ciudades hay muchos casos de asma al\u00e9rgica), el humo del tabaco, etc. Pero aqu\u00ed estamos hablando de los \u00e1caros, \u00a1as\u00ed que vamos a centrarnos en el tema!<br\/>Los ni\u00f1os son a\u00fan m\u00e1s sensibles que nosotros a estas agresiones externas y, por tanto, ser\u00e1n m\u00e1s propensos a desencadenar alergias respiratorias en presencia de \u00e1caros.<br\/>Entonces, \u00bfqu\u00e9 se puede hacer para luchar contra estos enemigos invisibles que nos hacen respirar su&#8230;? [BIP].<\/p>\n\n<p><br\/>Bueno, pues tenemos:<\/p>\n\n<ul class=\"wp-block-list\"><li>Ventilaci\u00f3n regular de las habitaciones, especialmente de los dormitorios<\/li><li>Utilizar ropa de cama de poliuretano<\/li><li>Meter los peluches&#8230; \u00bfen el congelador para matar a los \u00e1caros?<\/li><li>Evitar la moqueta a toda costa<\/li><li>Lavar las s\u00e1banas a 60\u00a0\u00b0C cada semana y el edred\u00f3n cada tres meses&#8230;.<br\/>\u00bfCada tres meses? [mini vid\u00e9o souvenir dans laquelle je me rappelle avoir achet\u00e9 ma couette un an et demi plus t\u00f4t et ne l\u2019avoir jamais lav\u00e9]<br\/>Millones y millones de ellos se encuentran en nuestra ropa de cama&#8230;<\/li><\/ul>\n<p><\/p>\n","protected":false},"excerpt":{"rendered":"<p>Alergia a los \u00e1caros \u00bfSab\u00edas que debe lavar el edred\u00f3n cada tres&#8230;<\/p>\n","protected":false},"author":3,"featured_media":118793,"comment_status":"open","ping_status":"closed","sticky":false,"template":"","format":"standard","meta":{"_acf_changed":false,"footnotes":""},"categories":[278],"tags":[],"class_list":["post-137633","post","type-post","status-publish","format-standard","has-post-thumbnail","hentry","category-consejos-de-lavado"],"acf":[],"yoast_head":"<title>Alergia a los \u00e1caros - Les Minutes de J\u00e9r\u00e9my - Wash-ME<\/title>\n<meta name=\"robots\" content=\"index, follow, max-snippet:-1, max-image-preview:large, max-video-preview:-1\" \/>\n<link rel=\"canonical\" href=\"https:\/\/www.wash-megroup.com\/es-es\/alergia-a-los-acaros-les-minutes-de-jeremy\/\" \/>\n<meta property=\"og:locale\" content=\"es_ES\" \/>\n<meta property=\"og:type\" content=\"article\" \/>\n<meta property=\"og:title\" content=\"Alergia a los \u00e1caros - Les Minutes de J\u00e9r\u00e9my - Wash-ME\" \/>\n<meta property=\"og:description\" content=\"Alergia a los \u00e1caros \u00bfSab\u00edas que debe lavar el edred\u00f3n cada tres...\" \/>\n<meta property=\"og:url\" content=\"https:\/\/www.wash-megroup.com\/es-es\/alergia-a-los-acaros-les-minutes-de-jeremy\/\" \/>\n<meta property=\"og:site_name\" content=\"Wash-ME\" \/>\n<meta property=\"article:published_time\" content=\"2022-10-18T12:56:18+00:00\" \/>\n<meta property=\"article:modified_time\" content=\"2022-11-15T13:31:11+00:00\" \/>\n<meta property=\"og:image\" content=\"https:\/\/www.wash-megroup.com\/wp-content\/uploads\/2022\/05\/VIGNETTES_SITE-REVO_LES_MINUTES_DE_JEREMY6.jpg\" \/>\n\t<meta property=\"og:image:width\" content=\"400\" \/>\n\t<meta property=\"og:image:height\" content=\"400\" \/>\n\t<meta property=\"og:image:type\" content=\"image\/jpeg\" \/>\n<meta name=\"author\" content=\"alicia\" \/>\n<meta name=\"twitter:card\" content=\"summary_large_image\" \/>\n<meta name=\"twitter:label1\" content=\"Escrito por\" \/>\n\t<meta name=\"twitter:data1\" content=\"alicia\" \/>\n\t<meta name=\"twitter:label2\" content=\"Tiempo de lectura\" \/>\n\t<meta name=\"twitter:data2\" content=\"5 minutos\" \/>\n<script type=\"application\/ld+json\" class=\"yoast-schema-graph\">{\"@context\":\"https:\/\/schema.org\",\"@graph\":[{\"@type\":\"Article\",\"@id\":\"https:\/\/www.wash-megroup.com\/es-es\/alergia-a-los-acaros-les-minutes-de-jeremy\/#article\",\"isPartOf\":{\"@id\":\"https:\/\/www.wash-megroup.com\/es-es\/alergia-a-los-acaros-les-minutes-de-jeremy\/\"},\"author\":{\"name\":\"alicia\",\"@id\":\"https:\/\/www.wash-megroup.com\/es-es\/#\/schema\/person\/de41c50cdd94fb865915e32b122147a0\"},\"headline\":\"Alergia a los \u00e1caros &#8211; Les Minutes de J\u00e9r\u00e9my\",\"datePublished\":\"2022-10-18T12:56:18+00:00\",\"dateModified\":\"2022-11-15T13:31:11+00:00\",\"mainEntityOfPage\":{\"@id\":\"https:\/\/www.wash-megroup.com\/es-es\/alergia-a-los-acaros-les-minutes-de-jeremy\/\"},\"wordCount\":921,\"commentCount\":0,\"publisher\":{\"@id\":\"https:\/\/www.wash-megroup.com\/es-es\/#organization\"},\"image\":{\"@id\":\"https:\/\/www.wash-megroup.com\/es-es\/alergia-a-los-acaros-les-minutes-de-jeremy\/#primaryimage\"},\"thumbnailUrl\":\"https:\/\/www.wash-megroup.com\/wp-content\/uploads\/2022\/05\/VIGNETTES_SITE-REVO_LES_MINUTES_DE_JEREMY6.jpg\",\"articleSection\":[\"Consejos de lavado\"],\"inLanguage\":\"es\",\"potentialAction\":[{\"@type\":\"CommentAction\",\"name\":\"Comment\",\"target\":[\"https:\/\/www.wash-megroup.com\/es-es\/alergia-a-los-acaros-les-minutes-de-jeremy\/#respond\"]}]},{\"@type\":\"WebPage\",\"@id\":\"https:\/\/www.wash-megroup.com\/es-es\/alergia-a-los-acaros-les-minutes-de-jeremy\/\",\"url\":\"https:\/\/www.wash-megroup.com\/es-es\/alergia-a-los-acaros-les-minutes-de-jeremy\/\",\"name\":\"Alergia a los \u00e1caros - Les Minutes de J\u00e9r\u00e9my - Wash-ME\",\"isPartOf\":{\"@id\":\"https:\/\/www.wash-megroup.com\/es-es\/#website\"},\"primaryImageOfPage\":{\"@id\":\"https:\/\/www.wash-megroup.com\/es-es\/alergia-a-los-acaros-les-minutes-de-jeremy\/#primaryimage\"},\"image\":{\"@id\":\"https:\/\/www.wash-megroup.com\/es-es\/alergia-a-los-acaros-les-minutes-de-jeremy\/#primaryimage\"},\"thumbnailUrl\":\"https:\/\/www.wash-megroup.com\/wp-content\/uploads\/2022\/05\/VIGNETTES_SITE-REVO_LES_MINUTES_DE_JEREMY6.jpg\",\"datePublished\":\"2022-10-18T12:56:18+00:00\",\"dateModified\":\"2022-11-15T13:31:11+00:00\",\"breadcrumb\":{\"@id\":\"https:\/\/www.wash-megroup.com\/es-es\/alergia-a-los-acaros-les-minutes-de-jeremy\/#breadcrumb\"},\"inLanguage\":\"es\",\"potentialAction\":[{\"@type\":\"ReadAction\",\"target\":[\"https:\/\/www.wash-megroup.com\/es-es\/alergia-a-los-acaros-les-minutes-de-jeremy\/\"]}]},{\"@type\":\"ImageObject\",\"inLanguage\":\"es\",\"@id\":\"https:\/\/www.wash-megroup.com\/es-es\/alergia-a-los-acaros-les-minutes-de-jeremy\/#primaryimage\",\"url\":\"https:\/\/www.wash-megroup.com\/wp-content\/uploads\/2022\/05\/VIGNETTES_SITE-REVO_LES_MINUTES_DE_JEREMY6.jpg\",\"contentUrl\":\"https:\/\/www.wash-megroup.com\/wp-content\/uploads\/2022\/05\/VIGNETTES_SITE-REVO_LES_MINUTES_DE_JEREMY6.jpg\",\"width\":400,\"height\":400},{\"@type\":\"BreadcrumbList\",\"@id\":\"https:\/\/www.wash-megroup.com\/es-es\/alergia-a-los-acaros-les-minutes-de-jeremy\/#breadcrumb\",\"itemListElement\":[{\"@type\":\"ListItem\",\"position\":1,\"name\":\"Home\",\"item\":\"https:\/\/www.wash-megroup.com\/es-es\/\"},{\"@type\":\"ListItem\",\"position\":2,\"name\":\"Alergia a los \u00e1caros &#8211; Les Minutes de J\u00e9r\u00e9my\"}]},{\"@type\":\"WebSite\",\"@id\":\"https:\/\/www.wash-megroup.com\/es-es\/#website\",\"url\":\"https:\/\/www.wash-megroup.com\/es-es\/\",\"name\":\"Wash-ME\",\"description\":\"Accede al espacio privado\",\"publisher\":{\"@id\":\"https:\/\/www.wash-megroup.com\/es-es\/#organization\"},\"potentialAction\":[{\"@type\":\"SearchAction\",\"target\":{\"@type\":\"EntryPoint\",\"urlTemplate\":\"https:\/\/www.wash-megroup.com\/es-es\/?s={search_term_string}\"},\"query-input\":{\"@type\":\"PropertyValueSpecification\",\"valueRequired\":true,\"valueName\":\"search_term_string\"}}],\"inLanguage\":\"es\"},{\"@type\":\"Organization\",\"@id\":\"https:\/\/www.wash-megroup.com\/es-es\/#organization\",\"name\":\"Wash-ME\",\"url\":\"https:\/\/www.wash-megroup.com\/es-es\/\",\"logo\":{\"@type\":\"ImageObject\",\"inLanguage\":\"es\",\"@id\":\"https:\/\/www.wash-megroup.com\/es-es\/#\/schema\/logo\/image\/\",\"url\":\"https:\/\/www.wash-megroup.com\/wp-content\/uploads\/2021\/07\/logo_revolaundry_white@2x.png\",\"contentUrl\":\"https:\/\/www.wash-megroup.com\/wp-content\/uploads\/2021\/07\/logo_revolaundry_white@2x.png\",\"width\":538,\"height\":146,\"caption\":\"Wash-ME\"},\"image\":{\"@id\":\"https:\/\/www.wash-megroup.com\/es-es\/#\/schema\/logo\/image\/\"}},{\"@type\":\"Person\",\"@id\":\"https:\/\/www.wash-megroup.com\/es-es\/#\/schema\/person\/de41c50cdd94fb865915e32b122147a0\",\"name\":\"alicia\",\"image\":{\"@type\":\"ImageObject\",\"inLanguage\":\"es\",\"@id\":\"https:\/\/www.wash-megroup.com\/es-es\/#\/schema\/person\/image\/\",\"url\":\"https:\/\/secure.gravatar.com\/avatar\/2dcd24947f191920c0bb57165d19f82002dc154d5af504ff9e3ab894c9c6ba22?s=96&d=mm&r=g\",\"contentUrl\":\"https:\/\/secure.gravatar.com\/avatar\/2dcd24947f191920c0bb57165d19f82002dc154d5af504ff9e3ab894c9c6ba22?s=96&d=mm&r=g\",\"caption\":\"alicia\"},\"url\":\"https:\/\/www.wash-megroup.com\/es-es\/author\/alicia\/\"}]}<\/script>","yoast_head_json":{"title":"Alergia a los \u00e1caros - Les Minutes de J\u00e9r\u00e9my - Wash-ME","robots":{"index":"index","follow":"follow","max-snippet":"max-snippet:-1","max-image-preview":"max-image-preview:large","max-video-preview":"max-video-preview:-1"},"canonical":"https:\/\/www.wash-megroup.com\/es-es\/alergia-a-los-acaros-les-minutes-de-jeremy\/","og_locale":"es_ES","og_type":"article","og_title":"Alergia a los \u00e1caros - Les Minutes de J\u00e9r\u00e9my - Wash-ME","og_description":"Alergia a los \u00e1caros \u00bfSab\u00edas que debe lavar el edred\u00f3n cada tres...","og_url":"https:\/\/www.wash-megroup.com\/es-es\/alergia-a-los-acaros-les-minutes-de-jeremy\/","og_site_name":"Wash-ME","article_published_time":"2022-10-18T12:56:18+00:00","article_modified_time":"2022-11-15T13:31:11+00:00","og_image":[{"width":400,"height":400,"url":"https:\/\/www.wash-megroup.com\/wp-content\/uploads\/2022\/05\/VIGNETTES_SITE-REVO_LES_MINUTES_DE_JEREMY6.jpg","type":"image\/jpeg"}],"author":"alicia","twitter_card":"summary_large_image","twitter_misc":{"Escrito por":"alicia","Tiempo de lectura":"5 minutos"},"schema":{"@context":"https:\/\/schema.org","@graph":[{"@type":"Article","@id":"https:\/\/www.wash-megroup.com\/es-es\/alergia-a-los-acaros-les-minutes-de-jeremy\/#article","isPartOf":{"@id":"https:\/\/www.wash-megroup.com\/es-es\/alergia-a-los-acaros-les-minutes-de-jeremy\/"},"author":{"name":"alicia","@id":"https:\/\/www.wash-megroup.com\/es-es\/#\/schema\/person\/de41c50cdd94fb865915e32b122147a0"},"headline":"Alergia a los \u00e1caros &#8211; Les Minutes de J\u00e9r\u00e9my","datePublished":"2022-10-18T12:56:18+00:00","dateModified":"2022-11-15T13:31:11+00:00","mainEntityOfPage":{"@id":"https:\/\/www.wash-megroup.com\/es-es\/alergia-a-los-acaros-les-minutes-de-jeremy\/"},"wordCount":921,"commentCount":0,"publisher":{"@id":"https:\/\/www.wash-megroup.com\/es-es\/#organization"},"image":{"@id":"https:\/\/www.wash-megroup.com\/es-es\/alergia-a-los-acaros-les-minutes-de-jeremy\/#primaryimage"},"thumbnailUrl":"https:\/\/www.wash-megroup.com\/wp-content\/uploads\/2022\/05\/VIGNETTES_SITE-REVO_LES_MINUTES_DE_JEREMY6.jpg","articleSection":["Consejos de lavado"],"inLanguage":"es","potentialAction":[{"@type":"CommentAction","name":"Comment","target":["https:\/\/www.wash-megroup.com\/es-es\/alergia-a-los-acaros-les-minutes-de-jeremy\/#respond"]}]},{"@type":"WebPage","@id":"https:\/\/www.wash-megroup.com\/es-es\/alergia-a-los-acaros-les-minutes-de-jeremy\/","url":"https:\/\/www.wash-megroup.com\/es-es\/alergia-a-los-acaros-les-minutes-de-jeremy\/","name":"Alergia a los \u00e1caros - Les Minutes de J\u00e9r\u00e9my - Wash-ME","isPartOf":{"@id":"https:\/\/www.wash-megroup.com\/es-es\/#website"},"primaryImageOfPage":{"@id":"https:\/\/www.wash-megroup.com\/es-es\/alergia-a-los-acaros-les-minutes-de-jeremy\/#primaryimage"},"image":{"@id":"https:\/\/www.wash-megroup.com\/es-es\/alergia-a-los-acaros-les-minutes-de-jeremy\/#primaryimage"},"thumbnailUrl":"https:\/\/www.wash-megroup.com\/wp-content\/uploads\/2022\/05\/VIGNETTES_SITE-REVO_LES_MINUTES_DE_JEREMY6.jpg","datePublished":"2022-10-18T12:56:18+00:00","dateModified":"2022-11-15T13:31:11+00:00","breadcrumb":{"@id":"https:\/\/www.wash-megroup.com\/es-es\/alergia-a-los-acaros-les-minutes-de-jeremy\/#breadcrumb"},"inLanguage":"es","potentialAction":[{"@type":"ReadAction","target":["https:\/\/www.wash-megroup.com\/es-es\/alergia-a-los-acaros-les-minutes-de-jeremy\/"]}]},{"@type":"ImageObject","inLanguage":"es","@id":"https:\/\/www.wash-megroup.com\/es-es\/alergia-a-los-acaros-les-minutes-de-jeremy\/#primaryimage","url":"https:\/\/www.wash-megroup.com\/wp-content\/uploads\/2022\/05\/VIGNETTES_SITE-REVO_LES_MINUTES_DE_JEREMY6.jpg","contentUrl":"https:\/\/www.wash-megroup.com\/wp-content\/uploads\/2022\/05\/VIGNETTES_SITE-REVO_LES_MINUTES_DE_JEREMY6.jpg","width":400,"height":400},{"@type":"BreadcrumbList","@id":"https:\/\/www.wash-megroup.com\/es-es\/alergia-a-los-acaros-les-minutes-de-jeremy\/#breadcrumb","itemListElement":[{"@type":"ListItem","position":1,"name":"Home","item":"https:\/\/www.wash-megroup.com\/es-es\/"},{"@type":"ListItem","position":2,"name":"Alergia a los \u00e1caros &#8211; Les Minutes de J\u00e9r\u00e9my"}]},{"@type":"WebSite","@id":"https:\/\/www.wash-megroup.com\/es-es\/#website","url":"https:\/\/www.wash-megroup.com\/es-es\/","name":"Wash-ME","description":"Accede al espacio privado","publisher":{"@id":"https:\/\/www.wash-megroup.com\/es-es\/#organization"},"potentialAction":[{"@type":"SearchAction","target":{"@type":"EntryPoint","urlTemplate":"https:\/\/www.wash-megroup.com\/es-es\/?s={search_term_string}"},"query-input":{"@type":"PropertyValueSpecification","valueRequired":true,"valueName":"search_term_string"}}],"inLanguage":"es"},{"@type":"Organization","@id":"https:\/\/www.wash-megroup.com\/es-es\/#organization","name":"Wash-ME","url":"https:\/\/www.wash-megroup.com\/es-es\/","logo":{"@type":"ImageObject","inLanguage":"es","@id":"https:\/\/www.wash-megroup.com\/es-es\/#\/schema\/logo\/image\/","url":"https:\/\/www.wash-megroup.com\/wp-content\/uploads\/2021\/07\/logo_revolaundry_white@2x.png","contentUrl":"https:\/\/www.wash-megroup.com\/wp-content\/uploads\/2021\/07\/logo_revolaundry_white@2x.png","width":538,"height":146,"caption":"Wash-ME"},"image":{"@id":"https:\/\/www.wash-megroup.com\/es-es\/#\/schema\/logo\/image\/"}},{"@type":"Person","@id":"https:\/\/www.wash-megroup.com\/es-es\/#\/schema\/person\/de41c50cdd94fb865915e32b122147a0","name":"alicia","image":{"@type":"ImageObject","inLanguage":"es","@id":"https:\/\/www.wash-megroup.com\/es-es\/#\/schema\/person\/image\/","url":"https:\/\/secure.gravatar.com\/avatar\/2dcd24947f191920c0bb57165d19f82002dc154d5af504ff9e3ab894c9c6ba22?s=96&d=mm&r=g","contentUrl":"https:\/\/secure.gravatar.com\/avatar\/2dcd24947f191920c0bb57165d19f82002dc154d5af504ff9e3ab894c9c6ba22?s=96&d=mm&r=g","caption":"alicia"},"url":"https:\/\/www.wash-megroup.com\/es-es\/author\/alicia\/"}]}},"_links":{"self":[{"href":"https:\/\/www.wash-megroup.com\/es-es\/wp-json\/wp\/v2\/posts\/137633","targetHints":{"allow":["GET"]}}],"collection":[{"href":"https:\/\/www.wash-megroup.com\/es-es\/wp-json\/wp\/v2\/posts"}],"about":[{"href":"https:\/\/www.wash-megroup.com\/es-es\/wp-json\/wp\/v2\/types\/post"}],"author":[{"embeddable":true,"href":"https:\/\/www.wash-megroup.com\/es-es\/wp-json\/wp\/v2\/users\/3"}],"replies":[{"embeddable":true,"href":"https:\/\/www.wash-megroup.com\/es-es\/wp-json\/wp\/v2\/comments?post=137633"}],"version-history":[{"count":1,"href":"https:\/\/www.wash-megroup.com\/es-es\/wp-json\/wp\/v2\/posts\/137633\/revisions"}],"predecessor-version":[{"id":137634,"href":"https:\/\/www.wash-megroup.com\/es-es\/wp-json\/wp\/v2\/posts\/137633\/revisions\/137634"}],"wp:featuredmedia":[{"embeddable":true,"href":"https:\/\/www.wash-megroup.com\/es-es\/wp-json\/wp\/v2\/media\/118793"}],"wp:attachment":[{"href":"https:\/\/www.wash-megroup.com\/es-es\/wp-json\/wp\/v2\/media?parent=137633"}],"wp:term":[{"taxonomy":"category","embeddable":true,"href":"https:\/\/www.wash-megroup.com\/es-es\/wp-json\/wp\/v2\/categories?post=137633"},{"taxonomy":"post_tag","embeddable":true,"href":"https:\/\/www.wash-megroup.com\/es-es\/wp-json\/wp\/v2\/tags?post=137633"}],"curies":[{"name":"wp","href":"https:\/\/api.w.org\/{rel}","templated":true}]}}