{"id":137645,"date":"2022-10-18T14:56:53","date_gmt":"2022-10-18T12:56:53","guid":{"rendered":"https:\/\/www.wash-megroup.com\/como-lavar-las-cortinas-en-la-lavadora\/"},"modified":"2022-10-18T14:56:54","modified_gmt":"2022-10-18T12:56:54","slug":"como-lavar-las-cortinas-en-la-lavadora","status":"publish","type":"post","link":"https:\/\/www.wash-megroup.com\/es-es\/como-lavar-las-cortinas-en-la-lavadora\/","title":{"rendered":"\u00bfC\u00f3mo lavar las cortinas en la lavadora?"},"content":{"rendered":"\n<h1 class=\"has-text-align-center wp-block-heading\">\u00bfC\u00f3mo lavar las cortinas en la lavadora?<\/h1>\n\n<p>Las cortinas y los visillos son un verdadero recurso decorativo en todas las habitaciones de la casa. Tambi\u00e9n son una muy buena manera de ocultar la luz o de esconderse del otro lado. Sin embargo, esta ropa est\u00e1 expuesta a la contaminaci\u00f3n, al polvo, al humo o a cualquier otro elemento externo que pueda crear olores y ensuciar sus cortinas. Por lo tanto, \u00a1es necesario lavarlas!<\/p>\n\n<p>Si no quieres llevar sus cortinas a la tintorer\u00eda, \u00a1es posible lavarlas en la lavadora!<\/p>\n\n<div class=\"wp-block-image\"><figure class=\"aligncenter size-full\"><img decoding=\"async\" width=\"680\" height=\"454\" src=\"https:\/\/www.wash-megroup.com\/wp-content\/uploads\/2022\/08\/AdobeStock_401425990-2.jpg\" alt=\"\" class=\"wp-image-130086\" srcset=\"https:\/\/www.wash-megroup.com\/wp-content\/uploads\/2022\/08\/AdobeStock_401425990-2.jpg 680w, https:\/\/www.wash-megroup.com\/wp-content\/uploads\/2022\/08\/AdobeStock_401425990-2-300x200.jpg 300w\" sizes=\"(max-width: 680px) 100vw, 680px\" \/><\/figure><\/div>\n\n<h2 class=\"has-text-align-center wp-block-heading\">\u00bfPor qu\u00e9 lavar las cortinas?<\/h2>\n\n<p>Lavar las cortinas en la lavadora no es lo m\u00e1s agradable que se puede hacer el fin de semana, es cierto. Sin embargo, una buena limpieza de las mismas es absolutamente necesaria tanto desde el punto de vista est\u00e9tico como higi\u00e9nico.<\/p>\n\n<p>Las cortinas son la primera l\u00ednea de defensa contra los elementos y siempre que se abra una puerta o una ventana. Adem\u00e1s, el polvo del interior o las actividades cotidianas, como cocinar, pueden, con el tiempo, ensuciar las cortinas. El resultado son unas cortinas amarillentas, deslustradas y a veces muy malolientes.\u00a0<\/p>\n\n<p>Lavar las cortinas en la lavadora les dar\u00e1 un olor fresco, un blanco m\u00e1s inmaculado y unos colores m\u00e1s brillantes. Inmediatamente la habitaci\u00f3n tendr\u00e1 un aspecto m\u00e1s limpio y agradable.<\/p>\n\n<div class=\"wp-block-image\"><figure class=\"aligncenter size-full\"><img decoding=\"async\" width=\"680\" height=\"1020\" src=\"https:\/\/www.wash-megroup.com\/wp-content\/uploads\/2022\/08\/AdobeStock_7454486-2.jpg\" alt=\"\" class=\"wp-image-130101\" srcset=\"https:\/\/www.wash-megroup.com\/wp-content\/uploads\/2022\/08\/AdobeStock_7454486-2.jpg 680w, https:\/\/www.wash-megroup.com\/wp-content\/uploads\/2022\/08\/AdobeStock_7454486-2-200x300.jpg 200w\" sizes=\"(max-width: 680px) 100vw, 680px\" \/><\/figure><\/div>\n\n<h2 class=\"has-text-align-center wp-block-heading\">\u00bfCu\u00e1ndo deben lavarse?<\/h2>\n\n<p>El primer paso es saber cu\u00e1ndo hay que lavar las cortinas en la lavadora. La limpieza general de primavera es una gran oportunidad para lavar las cortinas y limpiar todos los rincones de su casa. Sin embargo, esto no es suficiente, ya que se recomienda lavar las cortinas de 2 a 3 veces al a\u00f1o. El polen, el polvo y la contaminaci\u00f3n pueden incrustarse r\u00e1pidamente. No esperar demasiado tiempo para lavar las cortinas evitar\u00e1 que se vuelvan amarillas, lo que a veces puede ser irreparable.\u00a0<\/p>\n\n<p>Se recomienda lavar las cortinas de la cocina con m\u00e1s frecuencia, ya que tienden a absorber los humos y la grasa del aire. Los fumadores tambi\u00e9n deben lavar sus cortinas con m\u00e1s frecuencia si quieren conservarlas. Lavar las cortinas en la lavadora ser\u00e1, por tanto, una tarea m\u00e1s o menos frecuente en funci\u00f3n de sus h\u00e1bitos.<\/p>\n\n<h2 class=\"has-text-align-center wp-block-heading\">Primeros pasos antes del lavado en la lavadora<\/h2>\n\n<p>Antes de lavar las cortinas en la lavadora, hay que hacer ciertas comprobaciones. En primer lugar, debes mirar las etiquetas o el historial de pedidos en l\u00ednea, por ejemplo, para asegurarte de que conoces el material de tus cortinas, ya que algunos materiales son m\u00e1s delicados que otros.<\/p>\n\n<p>Siempre que sea posible, se recomienda retirar las piezas de metal y pl\u00e1stico, ya que pueden da\u00f1arse durante el lavado o incluso oxidarse.\u00a0<\/p>\n\n<p>Para empezar, se pueden sacudir las cortinas en el exterior y as\u00ed eliminar primero el exceso de suciedad. Los tejidos m\u00e1s fr\u00e1giles deben colocarse en una red de lavado y tambi\u00e9n hay que evitar lavar cualquier otra cosa junto con las cortinas.<\/p>\n\n<div class=\"wp-block-image\"><figure class=\"aligncenter size-full\"><img decoding=\"async\" width=\"680\" height=\"530\" src=\"https:\/\/www.wash-megroup.com\/wp-content\/uploads\/2022\/08\/VISUEL_LAVER_RIDEAUX_1-2.jpg\" alt=\"\" class=\"wp-image-130116\" srcset=\"https:\/\/www.wash-megroup.com\/wp-content\/uploads\/2022\/08\/VISUEL_LAVER_RIDEAUX_1-2.jpg 680w, https:\/\/www.wash-megroup.com\/wp-content\/uploads\/2022\/08\/VISUEL_LAVER_RIDEAUX_1-2-300x234.jpg 300w\" sizes=\"(max-width: 680px) 100vw, 680px\" \/><\/figure><\/div>\n\n<h2 class=\"has-text-align-center wp-block-heading\">\u00bfQu\u00e9 lavadora y qu\u00e9 programa usar?<\/h2>\n\n<p>Ya ha llegado el momento del lavado. Si tienes muchas cortinas que lavar, puedes optar por ir una lavander\u00eda autom\u00e1tica. All\u00ed, tendr\u00e1n lavadoras y secadoras de gran capacidad que ser\u00e1n mucho m\u00e1s r\u00e1pidas y econ\u00f3micas que lavar en casa. A continuaci\u00f3n, hay que elegir un programa y, sobre todo, una temperatura adecuada. Se recomienda adaptar el programa en funci\u00f3n del material. En caso de duda, utiliza siempre el programa delicado y a baja temperatura.<\/p>\n\n<p>Para el centrifugado y para evitar las arrugas, se recomienda un m\u00e1ximo de 800 rpm.<\/p>\n\n<h2 class=\"has-text-align-center wp-block-heading\">\u00bfC\u00f3mo se secan las cortinas?<\/h2>\n\n<p>Lavar las cortinas en la lavadora es bastante sencillo y, una vez limpias y frescas, se puede pasar a la fase de secado. Dependiendo del material de las cortinas, podr\u00e1 utilizarse o no la secadora, pero no es raro que provoque arrugas dif\u00edciles de eliminar. Se suele recomendar volver a colocar las cortinas en los rieles, bien escurridas, para que se sequen al aire libre. Su propio peso deber\u00eda evitar las arrugas.<\/p>\n\n<p>Si tras el secado quedan algunas arrugas, pueden plancharse a baja temperatura y sin vapor para no da\u00f1ar el tejido. Sin embargo, no es aconsejable planchar las cortinas, ya que no suelen soportar bien el calor de la plancha.<\/p>\n\n<p>Por lo tanto, lavar las cortinas en la lavadora puede ser muy r\u00e1pido, e incluso m\u00e1s r\u00e1pido si no hay que secarlas ni plancharlas.<\/p>\n","protected":false},"excerpt":{"rendered":"<p>\u00bfC\u00f3mo lavar las cortinas en la lavadora? Las cortinas y los visillos&#8230;<\/p>\n","protected":false},"author":10,"featured_media":130137,"comment_status":"open","ping_status":"closed","sticky":false,"template":"","format":"standard","meta":{"_acf_changed":false,"footnotes":""},"categories":[278],"tags":[],"class_list":["post-137645","post","type-post","status-publish","format-standard","has-post-thumbnail","hentry","category-consejos-de-lavado"],"acf":[],"yoast_head":"<title>\u00bfC\u00f3mo lavar las cortinas en la lavadora?<\/title>\n<meta name=\"description\" content=\"Descubre c\u00f3mo lavar las cortinas en la lavadora para conseguir que tu ropa de casa est\u00e9 limpia y fresca muy r\u00e1pidamente.\" \/>\n<meta name=\"robots\" content=\"index, follow, max-snippet:-1, max-image-preview:large, max-video-preview:-1\" \/>\n<link rel=\"canonical\" href=\"https:\/\/www.wash-megroup.com\/es-es\/como-lavar-las-cortinas-en-la-lavadora\/\" \/>\n<meta property=\"og:locale\" content=\"es_ES\" \/>\n<meta property=\"og:type\" content=\"article\" \/>\n<meta property=\"og:title\" content=\"\u00bfC\u00f3mo lavar las cortinas en la lavadora?\" \/>\n<meta property=\"og:description\" content=\"Descubre c\u00f3mo lavar las cortinas en la lavadora para conseguir que tu ropa de casa est\u00e9 limpia y fresca muy r\u00e1pidamente.\" \/>\n<meta property=\"og:url\" content=\"https:\/\/www.wash-megroup.com\/es-es\/como-lavar-las-cortinas-en-la-lavadora\/\" \/>\n<meta property=\"og:site_name\" content=\"Wash-ME\" \/>\n<meta property=\"article:published_time\" content=\"2022-10-18T12:56:53+00:00\" \/>\n<meta property=\"article:modified_time\" content=\"2022-10-18T12:56:54+00:00\" \/>\n<meta property=\"og:image\" content=\"https:\/\/www.wash-megroup.com\/wp-content\/uploads\/2022\/08\/LAVERRIDEAUX_VIGNETTES_SITE-REVO_AOUT-2022-1-2.jpg\" \/>\n\t<meta property=\"og:image:width\" content=\"533\" \/>\n\t<meta property=\"og:image:height\" content=\"533\" \/>\n\t<meta property=\"og:image:type\" content=\"image\/jpeg\" \/>\n<meta name=\"author\" content=\"Perla\" \/>\n<meta name=\"twitter:card\" content=\"summary_large_image\" \/>\n<meta name=\"twitter:label1\" content=\"Escrito por\" \/>\n\t<meta name=\"twitter:data1\" content=\"Perla\" \/>\n\t<meta name=\"twitter:label2\" content=\"Tiempo de lectura\" \/>\n\t<meta name=\"twitter:data2\" content=\"4 minutos\" \/>\n<script type=\"application\/ld+json\" class=\"yoast-schema-graph\">{\"@context\":\"https:\/\/schema.org\",\"@graph\":[{\"@type\":\"Article\",\"@id\":\"https:\/\/www.wash-megroup.com\/es-es\/como-lavar-las-cortinas-en-la-lavadora\/#article\",\"isPartOf\":{\"@id\":\"https:\/\/www.wash-megroup.com\/es-es\/como-lavar-las-cortinas-en-la-lavadora\/\"},\"author\":{\"name\":\"Perla\",\"@id\":\"https:\/\/www.wash-megroup.com\/es-es\/#\/schema\/person\/4d7764ed34250a573b5911fc2a7b659c\"},\"headline\":\"\u00bfC\u00f3mo lavar las cortinas en la lavadora?\",\"datePublished\":\"2022-10-18T12:56:53+00:00\",\"dateModified\":\"2022-10-18T12:56:54+00:00\",\"mainEntityOfPage\":{\"@id\":\"https:\/\/www.wash-megroup.com\/es-es\/como-lavar-las-cortinas-en-la-lavadora\/\"},\"wordCount\":768,\"commentCount\":0,\"publisher\":{\"@id\":\"https:\/\/www.wash-megroup.com\/es-es\/#organization\"},\"image\":{\"@id\":\"https:\/\/www.wash-megroup.com\/es-es\/como-lavar-las-cortinas-en-la-lavadora\/#primaryimage\"},\"thumbnailUrl\":\"https:\/\/www.wash-megroup.com\/wp-content\/uploads\/2022\/08\/LAVERRIDEAUX_VIGNETTES_SITE-REVO_AOUT-2022-1-2.jpg\",\"articleSection\":[\"Consejos de lavado\"],\"inLanguage\":\"es\",\"potentialAction\":[{\"@type\":\"CommentAction\",\"name\":\"Comment\",\"target\":[\"https:\/\/www.wash-megroup.com\/es-es\/como-lavar-las-cortinas-en-la-lavadora\/#respond\"]}]},{\"@type\":\"WebPage\",\"@id\":\"https:\/\/www.wash-megroup.com\/es-es\/como-lavar-las-cortinas-en-la-lavadora\/\",\"url\":\"https:\/\/www.wash-megroup.com\/es-es\/como-lavar-las-cortinas-en-la-lavadora\/\",\"name\":\"\u00bfC\u00f3mo lavar las cortinas en la lavadora?\",\"isPartOf\":{\"@id\":\"https:\/\/www.wash-megroup.com\/es-es\/#website\"},\"primaryImageOfPage\":{\"@id\":\"https:\/\/www.wash-megroup.com\/es-es\/como-lavar-las-cortinas-en-la-lavadora\/#primaryimage\"},\"image\":{\"@id\":\"https:\/\/www.wash-megroup.com\/es-es\/como-lavar-las-cortinas-en-la-lavadora\/#primaryimage\"},\"thumbnailUrl\":\"https:\/\/www.wash-megroup.com\/wp-content\/uploads\/2022\/08\/LAVERRIDEAUX_VIGNETTES_SITE-REVO_AOUT-2022-1-2.jpg\",\"datePublished\":\"2022-10-18T12:56:53+00:00\",\"dateModified\":\"2022-10-18T12:56:54+00:00\",\"description\":\"Descubre c\u00f3mo lavar las cortinas en la lavadora para conseguir que tu ropa de casa est\u00e9 limpia y fresca muy r\u00e1pidamente.\",\"breadcrumb\":{\"@id\":\"https:\/\/www.wash-megroup.com\/es-es\/como-lavar-las-cortinas-en-la-lavadora\/#breadcrumb\"},\"inLanguage\":\"es\",\"potentialAction\":[{\"@type\":\"ReadAction\",\"target\":[\"https:\/\/www.wash-megroup.com\/es-es\/como-lavar-las-cortinas-en-la-lavadora\/\"]}]},{\"@type\":\"ImageObject\",\"inLanguage\":\"es\",\"@id\":\"https:\/\/www.wash-megroup.com\/es-es\/como-lavar-las-cortinas-en-la-lavadora\/#primaryimage\",\"url\":\"https:\/\/www.wash-megroup.com\/wp-content\/uploads\/2022\/08\/LAVERRIDEAUX_VIGNETTES_SITE-REVO_AOUT-2022-1-2.jpg\",\"contentUrl\":\"https:\/\/www.wash-megroup.com\/wp-content\/uploads\/2022\/08\/LAVERRIDEAUX_VIGNETTES_SITE-REVO_AOUT-2022-1-2.jpg\",\"width\":533,\"height\":533,\"caption\":\"Lavage rideaux en machine\"},{\"@type\":\"BreadcrumbList\",\"@id\":\"https:\/\/www.wash-megroup.com\/es-es\/como-lavar-las-cortinas-en-la-lavadora\/#breadcrumb\",\"itemListElement\":[{\"@type\":\"ListItem\",\"position\":1,\"name\":\"Home\",\"item\":\"https:\/\/www.wash-megroup.com\/es-es\/\"},{\"@type\":\"ListItem\",\"position\":2,\"name\":\"\u00bfC\u00f3mo lavar las cortinas en la lavadora?\"}]},{\"@type\":\"WebSite\",\"@id\":\"https:\/\/www.wash-megroup.com\/es-es\/#website\",\"url\":\"https:\/\/www.wash-megroup.com\/es-es\/\",\"name\":\"Wash-ME\",\"description\":\"Accede al espacio privado\",\"publisher\":{\"@id\":\"https:\/\/www.wash-megroup.com\/es-es\/#organization\"},\"potentialAction\":[{\"@type\":\"SearchAction\",\"target\":{\"@type\":\"EntryPoint\",\"urlTemplate\":\"https:\/\/www.wash-megroup.com\/es-es\/?s={search_term_string}\"},\"query-input\":{\"@type\":\"PropertyValueSpecification\",\"valueRequired\":true,\"valueName\":\"search_term_string\"}}],\"inLanguage\":\"es\"},{\"@type\":\"Organization\",\"@id\":\"https:\/\/www.wash-megroup.com\/es-es\/#organization\",\"name\":\"Wash-ME\",\"url\":\"https:\/\/www.wash-megroup.com\/es-es\/\",\"logo\":{\"@type\":\"ImageObject\",\"inLanguage\":\"es\",\"@id\":\"https:\/\/www.wash-megroup.com\/es-es\/#\/schema\/logo\/image\/\",\"url\":\"https:\/\/www.wash-megroup.com\/wp-content\/uploads\/2021\/07\/logo_revolaundry_white@2x.png\",\"contentUrl\":\"https:\/\/www.wash-megroup.com\/wp-content\/uploads\/2021\/07\/logo_revolaundry_white@2x.png\",\"width\":538,\"height\":146,\"caption\":\"Wash-ME\"},\"image\":{\"@id\":\"https:\/\/www.wash-megroup.com\/es-es\/#\/schema\/logo\/image\/\"}},{\"@type\":\"Person\",\"@id\":\"https:\/\/www.wash-megroup.com\/es-es\/#\/schema\/person\/4d7764ed34250a573b5911fc2a7b659c\",\"name\":\"Perla\",\"image\":{\"@type\":\"ImageObject\",\"inLanguage\":\"es\",\"@id\":\"https:\/\/www.wash-megroup.com\/es-es\/#\/schema\/person\/image\/\",\"url\":\"https:\/\/secure.gravatar.com\/avatar\/8640fe5c5bda3e17751d20f725486c77f8b5bc324b63e7a612dcb73fec62ed7e?s=96&d=mm&r=g\",\"contentUrl\":\"https:\/\/secure.gravatar.com\/avatar\/8640fe5c5bda3e17751d20f725486c77f8b5bc324b63e7a612dcb73fec62ed7e?s=96&d=mm&r=g\",\"caption\":\"Perla\"},\"url\":\"https:\/\/www.wash-megroup.com\/es-es\/author\/pnakhoul\/\"}]}<\/script>","yoast_head_json":{"title":"\u00bfC\u00f3mo lavar las cortinas en la lavadora?","description":"Descubre c\u00f3mo lavar las cortinas en la lavadora para conseguir que tu ropa de casa est\u00e9 limpia y fresca muy r\u00e1pidamente.","robots":{"index":"index","follow":"follow","max-snippet":"max-snippet:-1","max-image-preview":"max-image-preview:large","max-video-preview":"max-video-preview:-1"},"canonical":"https:\/\/www.wash-megroup.com\/es-es\/como-lavar-las-cortinas-en-la-lavadora\/","og_locale":"es_ES","og_type":"article","og_title":"\u00bfC\u00f3mo lavar las cortinas en la lavadora?","og_description":"Descubre c\u00f3mo lavar las cortinas en la lavadora para conseguir que tu ropa de casa est\u00e9 limpia y fresca muy r\u00e1pidamente.","og_url":"https:\/\/www.wash-megroup.com\/es-es\/como-lavar-las-cortinas-en-la-lavadora\/","og_site_name":"Wash-ME","article_published_time":"2022-10-18T12:56:53+00:00","article_modified_time":"2022-10-18T12:56:54+00:00","og_image":[{"width":533,"height":533,"url":"https:\/\/www.wash-megroup.com\/wp-content\/uploads\/2022\/08\/LAVERRIDEAUX_VIGNETTES_SITE-REVO_AOUT-2022-1-2.jpg","type":"image\/jpeg"}],"author":"Perla","twitter_card":"summary_large_image","twitter_misc":{"Escrito por":"Perla","Tiempo de lectura":"4 minutos"},"schema":{"@context":"https:\/\/schema.org","@graph":[{"@type":"Article","@id":"https:\/\/www.wash-megroup.com\/es-es\/como-lavar-las-cortinas-en-la-lavadora\/#article","isPartOf":{"@id":"https:\/\/www.wash-megroup.com\/es-es\/como-lavar-las-cortinas-en-la-lavadora\/"},"author":{"name":"Perla","@id":"https:\/\/www.wash-megroup.com\/es-es\/#\/schema\/person\/4d7764ed34250a573b5911fc2a7b659c"},"headline":"\u00bfC\u00f3mo lavar las cortinas en la lavadora?","datePublished":"2022-10-18T12:56:53+00:00","dateModified":"2022-10-18T12:56:54+00:00","mainEntityOfPage":{"@id":"https:\/\/www.wash-megroup.com\/es-es\/como-lavar-las-cortinas-en-la-lavadora\/"},"wordCount":768,"commentCount":0,"publisher":{"@id":"https:\/\/www.wash-megroup.com\/es-es\/#organization"},"image":{"@id":"https:\/\/www.wash-megroup.com\/es-es\/como-lavar-las-cortinas-en-la-lavadora\/#primaryimage"},"thumbnailUrl":"https:\/\/www.wash-megroup.com\/wp-content\/uploads\/2022\/08\/LAVERRIDEAUX_VIGNETTES_SITE-REVO_AOUT-2022-1-2.jpg","articleSection":["Consejos de lavado"],"inLanguage":"es","potentialAction":[{"@type":"CommentAction","name":"Comment","target":["https:\/\/www.wash-megroup.com\/es-es\/como-lavar-las-cortinas-en-la-lavadora\/#respond"]}]},{"@type":"WebPage","@id":"https:\/\/www.wash-megroup.com\/es-es\/como-lavar-las-cortinas-en-la-lavadora\/","url":"https:\/\/www.wash-megroup.com\/es-es\/como-lavar-las-cortinas-en-la-lavadora\/","name":"\u00bfC\u00f3mo lavar las cortinas en la lavadora?","isPartOf":{"@id":"https:\/\/www.wash-megroup.com\/es-es\/#website"},"primaryImageOfPage":{"@id":"https:\/\/www.wash-megroup.com\/es-es\/como-lavar-las-cortinas-en-la-lavadora\/#primaryimage"},"image":{"@id":"https:\/\/www.wash-megroup.com\/es-es\/como-lavar-las-cortinas-en-la-lavadora\/#primaryimage"},"thumbnailUrl":"https:\/\/www.wash-megroup.com\/wp-content\/uploads\/2022\/08\/LAVERRIDEAUX_VIGNETTES_SITE-REVO_AOUT-2022-1-2.jpg","datePublished":"2022-10-18T12:56:53+00:00","dateModified":"2022-10-18T12:56:54+00:00","description":"Descubre c\u00f3mo lavar las cortinas en la lavadora para conseguir que tu ropa de casa est\u00e9 limpia y fresca muy r\u00e1pidamente.","breadcrumb":{"@id":"https:\/\/www.wash-megroup.com\/es-es\/como-lavar-las-cortinas-en-la-lavadora\/#breadcrumb"},"inLanguage":"es","potentialAction":[{"@type":"ReadAction","target":["https:\/\/www.wash-megroup.com\/es-es\/como-lavar-las-cortinas-en-la-lavadora\/"]}]},{"@type":"ImageObject","inLanguage":"es","@id":"https:\/\/www.wash-megroup.com\/es-es\/como-lavar-las-cortinas-en-la-lavadora\/#primaryimage","url":"https:\/\/www.wash-megroup.com\/wp-content\/uploads\/2022\/08\/LAVERRIDEAUX_VIGNETTES_SITE-REVO_AOUT-2022-1-2.jpg","contentUrl":"https:\/\/www.wash-megroup.com\/wp-content\/uploads\/2022\/08\/LAVERRIDEAUX_VIGNETTES_SITE-REVO_AOUT-2022-1-2.jpg","width":533,"height":533,"caption":"Lavage rideaux en machine"},{"@type":"BreadcrumbList","@id":"https:\/\/www.wash-megroup.com\/es-es\/como-lavar-las-cortinas-en-la-lavadora\/#breadcrumb","itemListElement":[{"@type":"ListItem","position":1,"name":"Home","item":"https:\/\/www.wash-megroup.com\/es-es\/"},{"@type":"ListItem","position":2,"name":"\u00bfC\u00f3mo lavar las cortinas en la lavadora?"}]},{"@type":"WebSite","@id":"https:\/\/www.wash-megroup.com\/es-es\/#website","url":"https:\/\/www.wash-megroup.com\/es-es\/","name":"Wash-ME","description":"Accede al espacio privado","publisher":{"@id":"https:\/\/www.wash-megroup.com\/es-es\/#organization"},"potentialAction":[{"@type":"SearchAction","target":{"@type":"EntryPoint","urlTemplate":"https:\/\/www.wash-megroup.com\/es-es\/?s={search_term_string}"},"query-input":{"@type":"PropertyValueSpecification","valueRequired":true,"valueName":"search_term_string"}}],"inLanguage":"es"},{"@type":"Organization","@id":"https:\/\/www.wash-megroup.com\/es-es\/#organization","name":"Wash-ME","url":"https:\/\/www.wash-megroup.com\/es-es\/","logo":{"@type":"ImageObject","inLanguage":"es","@id":"https:\/\/www.wash-megroup.com\/es-es\/#\/schema\/logo\/image\/","url":"https:\/\/www.wash-megroup.com\/wp-content\/uploads\/2021\/07\/logo_revolaundry_white@2x.png","contentUrl":"https:\/\/www.wash-megroup.com\/wp-content\/uploads\/2021\/07\/logo_revolaundry_white@2x.png","width":538,"height":146,"caption":"Wash-ME"},"image":{"@id":"https:\/\/www.wash-megroup.com\/es-es\/#\/schema\/logo\/image\/"}},{"@type":"Person","@id":"https:\/\/www.wash-megroup.com\/es-es\/#\/schema\/person\/4d7764ed34250a573b5911fc2a7b659c","name":"Perla","image":{"@type":"ImageObject","inLanguage":"es","@id":"https:\/\/www.wash-megroup.com\/es-es\/#\/schema\/person\/image\/","url":"https:\/\/secure.gravatar.com\/avatar\/8640fe5c5bda3e17751d20f725486c77f8b5bc324b63e7a612dcb73fec62ed7e?s=96&d=mm&r=g","contentUrl":"https:\/\/secure.gravatar.com\/avatar\/8640fe5c5bda3e17751d20f725486c77f8b5bc324b63e7a612dcb73fec62ed7e?s=96&d=mm&r=g","caption":"Perla"},"url":"https:\/\/www.wash-megroup.com\/es-es\/author\/pnakhoul\/"}]}},"_links":{"self":[{"href":"https:\/\/www.wash-megroup.com\/es-es\/wp-json\/wp\/v2\/posts\/137645","targetHints":{"allow":["GET"]}}],"collection":[{"href":"https:\/\/www.wash-megroup.com\/es-es\/wp-json\/wp\/v2\/posts"}],"about":[{"href":"https:\/\/www.wash-megroup.com\/es-es\/wp-json\/wp\/v2\/types\/post"}],"author":[{"embeddable":true,"href":"https:\/\/www.wash-megroup.com\/es-es\/wp-json\/wp\/v2\/users\/10"}],"replies":[{"embeddable":true,"href":"https:\/\/www.wash-megroup.com\/es-es\/wp-json\/wp\/v2\/comments?post=137645"}],"version-history":[{"count":1,"href":"https:\/\/www.wash-megroup.com\/es-es\/wp-json\/wp\/v2\/posts\/137645\/revisions"}],"predecessor-version":[{"id":137646,"href":"https:\/\/www.wash-megroup.com\/es-es\/wp-json\/wp\/v2\/posts\/137645\/revisions\/137646"}],"wp:featuredmedia":[{"embeddable":true,"href":"https:\/\/www.wash-megroup.com\/es-es\/wp-json\/wp\/v2\/media\/130137"}],"wp:attachment":[{"href":"https:\/\/www.wash-megroup.com\/es-es\/wp-json\/wp\/v2\/media?parent=137645"}],"wp:term":[{"taxonomy":"category","embeddable":true,"href":"https:\/\/www.wash-megroup.com\/es-es\/wp-json\/wp\/v2\/categories?post=137645"},{"taxonomy":"post_tag","embeddable":true,"href":"https:\/\/www.wash-megroup.com\/es-es\/wp-json\/wp\/v2\/tags?post=137645"}],"curies":[{"name":"wp","href":"https:\/\/api.w.org\/{rel}","templated":true}]}}