{"id":162677,"date":"2022-09-26T15:00:24","date_gmt":"2022-09-26T13:00:24","guid":{"rendered":"https:\/\/www.wash-megroup.com\/lavage-sac-a-dos\/"},"modified":"2022-09-26T15:00:24","modified_gmt":"2022-09-26T13:00:24","slug":"lavage-sac-a-dos","status":"publish","type":"post","link":"https:\/\/www.wash-megroup.com\/fr-be\/lavage-sac-a-dos\/","title":{"rendered":"Laver un sac \u00e0 dos en machine\u00a0: comment faire\u00a0?"},"content":{"rendered":"\n<h1 class=\"wp-block-heading has-text-align-center\">Comment laver un sac \u00e0 dos en machine&nbsp;?<\/h1>\n\n\n\n<p class=\"has-text-align-center\">On a parfois tendance \u00e0 l\u2019oublier, mais le sac \u00e0 dos est un article qui est souvent mis \u00e0 rude \u00e9preuve. On l\u2019emporte en ville comme en randonn\u00e9e, on y transporte ses affaires de sport, mais aussi les go\u00fbters des enfants, bref, un bon nettoyage de temps en temps ne lui ferait pas de mal. Le plus souvent, on recommande d\u2019opter pour un lavage en machine qui va permettre d\u2019enlever les taches et d\u2019offrir un bon nettoyage \u00e0 son sac. Alors comment laver un sac \u00e0 dos en machine&nbsp;? Quelles sont les diff\u00e9rentes \u00e9tapes \u00e0 suivre pour obtenir le r\u00e9sultat souhait\u00e9&nbsp;?<\/p>\n\n\n\n<figure class=\"wp-block-image aligncenter size-full\"><img decoding=\"async\" width=\"680\" height=\"1020\" src=\"https:\/\/www.wash-megroup.com\/wp-content\/uploads\/2022\/09\/AdobeStock_56549270.jpg\" alt=\"lavage sac \u00e0 dos\" class=\"wp-image-134834\" srcset=\"https:\/\/www.wash-megroup.com\/wp-content\/uploads\/2022\/09\/AdobeStock_56549270.jpg 680w, https:\/\/www.wash-megroup.com\/wp-content\/uploads\/2022\/09\/AdobeStock_56549270-200x300.jpg 200w\" sizes=\"(max-width: 680px) 100vw, 680px\" \/><\/figure>\n\n\n\n<h2 class=\"wp-block-heading has-text-align-center\">Pourquoi laver son sac \u00e0 dos&nbsp;?<\/h2>\n\n\n\n<p>Tout comme un manteau ou une paire de chaussures, le sac \u00e0 dos est un article que l\u2019on peut utiliser de mani\u00e8re tr\u00e8s r\u00e9guli\u00e8re et que l\u2019on ne pense pas forc\u00e9ment \u00e0 nettoyer. Pourtant, la poussi\u00e8re, la pollution et les autres salet\u00e9s auxquelles il est expos\u00e9 s&rsquo;accumulent un peu plus chaque jour. M\u00eame s\u2019il n\u2019a pas de tache visible, il peut perdre de sa couleur ou tout simplement manquer de propret\u00e9, sans parler de l\u2019odeur qui peut s\u2019en d\u00e9gager.<\/p>\n\n\n\n<p>Qui plus est, un sac \u00e0 dos peut aussi s&rsquo;ab\u00eemer en fonction de ce que l\u2019on a l\u2019habitude de mettre \u00e0 l\u2019int\u00e9rieur. Des affaires de sport sales, la boue accumul\u00e9e lors d\u2019une randonn\u00e9e comme une briquette de jus de fruits qui explose peuvent faire des ravages dans son sac. Il est donc recommand\u00e9 d\u2019en effectuer le lavage au plus vite pour \u00e9viter que la salet\u00e9 ne s\u2019incruste et pour qu\u2019il soit \u00e0 nouveau pr\u00eat \u00e0 l\u2019usage.<\/p>\n\n\n\n<p class=\"has-text-align-center\">Les sacs \u00e0 dos des adultes comme des enfants m\u00e9ritent donc tous un petit tour en machine pour un nettoyage en profondeur. En ce qui concerne la fr\u00e9quence de lavage, tout d\u00e9pend de la fr\u00e9quence d\u2019utilisation que l\u2019on fait de son sac. On recommande de laver un sac \u00e0 dos en machine&nbsp;au moins une fois par an si on l\u2019utilise r\u00e9guli\u00e8rement et plus s\u2019il a \u00e9t\u00e9 tach\u00e9 bien s\u00fbr.<\/p>\n\n\n\n<h2 class=\"wp-block-heading has-text-align-center\">Mon sac passe-t-il en machine&nbsp;?<\/h2>\n\n\n\n<p class=\"has-text-align-center\">Avant toute chose, il est important de rappeler qu\u2019il n\u2019est pas toujours possible de laver un sac \u00e0 dos en machine. Un sac \u00e0 dos en cuir par exemple ne supportera pas un passage en machine \u00e0 laver et devra faire l\u2019objet d\u2019un entretien sp\u00e9cifique. Le plus souvent, ce sont les sacs en tissu que l\u2019on va pouvoir laver. Attention aussi aux mod\u00e8les vintages qui peuvent \u00eatre tr\u00e8s fragiles.<\/p>\n\n\n\n<p class=\"has-text-align-center\">Tout comme pour le linge, on v\u00e9rifie que l\u2019on peut effectivement laver son sac \u00e0 dos en machine en lisant l\u2019\u00e9tiquette que l\u2019on trouvera le plus souvent \u00e0 l\u2019int\u00e9rieur du sac.<\/p>\n\n\n\n<figure class=\"wp-block-image aligncenter size-full\"><img decoding=\"async\" width=\"680\" height=\"454\" src=\"https:\/\/www.wash-megroup.com\/wp-content\/uploads\/2022\/09\/AdobeStock_467342942.jpg\" alt=\"laver son sac \u00e0 dos en machine\" class=\"wp-image-134819\" srcset=\"https:\/\/www.wash-megroup.com\/wp-content\/uploads\/2022\/09\/AdobeStock_467342942.jpg 680w, https:\/\/www.wash-megroup.com\/wp-content\/uploads\/2022\/09\/AdobeStock_467342942-300x200.jpg 300w\" sizes=\"(max-width: 680px) 100vw, 680px\" \/><\/figure>\n\n\n\n<h2 class=\"wp-block-heading has-text-align-center\">O\u00f9 r\u00e9aliser le nettoyage du sac&nbsp;?<\/h2>\n\n\n\n<p class=\"has-text-align-center\">Si l\u2019on d\u00e9cide de laver un sac \u00e0 dos en machine, on peut aussi opter pour le lavage de ceux de toute la famille et m\u00eame y mettre des sacs de voyage. Pour limiter le nombre de cycles de lavage, on recommande de se rendre en laverie automatique. La capacit\u00e9 des machines sur place est beaucoup plus grande, ce qui permet de laver un plus grand nombre d\u2019articles et de profiter d\u2019un mat\u00e9riel de qualit\u00e9. Chez Wash ME, certains de nos lave-linges disposent d\u2019une capacit\u00e9 allant jusqu\u2019\u00e0 20kg.<\/p>\n\n\n\n<p class=\"has-text-align-center\">Avec une petite recherche en ligne, on peut facilement trouver une laverie automatique pr\u00e8s de chez soi afin de laver un sac \u00e0 dos en machine.<\/p>\n\n\n\n<h2 class=\"wp-block-heading has-text-align-center\">Comment s\u2019y prendre&nbsp;?<\/h2>\n\n\n\n<p class=\"has-text-align-center\">Pour laver un sac \u00e0 dos en machine, ce sont plusieurs \u00e9tapes qu\u2019il va falloir respecter. Tout d\u2019abord, il est imp\u00e9ratif de vider toutes les poches du sac. On prendra donc le temps de bien fouiller pour vider la moindre petite poche. On peut entreprendre un premier lavage en passant une \u00e9ponge si le sac est tr\u00e8s sale pour retirer l\u2019accumulation de salet\u00e9.&nbsp;<\/p>\n\n\n\n<p class=\"has-text-align-center\">Si le sac \u00e0 dos est tach\u00e9, il est recommand\u00e9 d\u2019utiliser du d\u00e9tachant en amont du nettoyage en machine. Il suffit alors de suivre les indications du produit que l\u2019on a choisi d\u2019utiliser. On recommande aussi d\u2019ouvrir toutes les poches du sac et de retirer les \u00e9l\u00e9ments amovibles pour tout laver s\u00e9par\u00e9ment. On peut alors glisser le sac dans la machine.<\/p>\n\n\n\n<p class=\"has-text-align-center\">Les sacs \u00e0 dos sont souvent \u00e9quip\u00e9s de petits \u00e9l\u00e9ments en plastique, on va donc choisir un cycle de nettoyage \u00e0 basse temp\u00e9rature pour \u00e9viter de les abimer. Un cycle court \u00e0 20\u00b0 ou 30\u00b0 devrait suffire. On utilise une lessive classique et si on lave plusieurs sacs, on n\u2019oubliera pas d\u2019ajouter une lingette anti-transfert de couleur voire deux s\u2019il y a beaucoup de linge.&nbsp;<\/p>\n\n\n\n<p class=\"has-text-align-center\">En ce qui concerne le s\u00e9chage, il est pr\u00e9f\u00e9rable d\u2019opter pour un s\u00e9chage \u00e0 l\u2019air libre pour \u00e9viter que le sac ne se d\u00e9forme. On profite donc d\u2019une belle journ\u00e9e pour \u00e9tendre le sac sans pour autant le mettre au soleil.<\/p>\n","protected":false},"excerpt":{"rendered":"<p>Comment laver un sac \u00e0 dos en machine&nbsp;? On a parfois tendance&#8230;<\/p>\n","protected":false},"author":10,"featured_media":134862,"comment_status":"open","ping_status":"closed","sticky":false,"template":"","format":"standard","meta":{"_acf_changed":false,"footnotes":""},"categories":[316],"tags":[],"class_list":["post-162677","post","type-post","status-publish","format-standard","has-post-thumbnail","hentry","category-conseils-lavage-fr-be"],"acf":[],"yoast_head":"<title>Laver un sac \u00e0 dos en machine\u00a0: comment faire\u00a0? - Wash-ME<\/title>\n<meta name=\"robots\" content=\"index, follow, max-snippet:-1, max-image-preview:large, max-video-preview:-1\" \/>\n<link rel=\"canonical\" href=\"https:\/\/www.wash-megroup.com\/fr-be\/lavage-sac-a-dos\/\" \/>\n<meta property=\"og:locale\" content=\"fr_FR\" \/>\n<meta property=\"og:type\" content=\"article\" \/>\n<meta property=\"og:title\" content=\"Laver un sac \u00e0 dos en machine\u00a0: comment faire\u00a0? - Wash-ME\" \/>\n<meta property=\"og:description\" content=\"Comment laver un sac \u00e0 dos en machine&nbsp;? On a parfois tendance...\" \/>\n<meta property=\"og:url\" content=\"https:\/\/www.wash-megroup.com\/fr-be\/lavage-sac-a-dos\/\" \/>\n<meta property=\"og:site_name\" content=\"Wash-ME\" \/>\n<meta property=\"article:published_time\" content=\"2022-09-26T13:00:24+00:00\" \/>\n<meta property=\"og:image\" content=\"https:\/\/www.wash-megroup.com\/wp-content\/uploads\/2022\/09\/AdobeStock_56549270.jpg\" \/>\n<meta name=\"author\" content=\"Perla\" \/>\n<meta name=\"twitter:card\" content=\"summary_large_image\" \/>\n<meta name=\"twitter:label1\" content=\"\u00c9crit par\" \/>\n\t<meta name=\"twitter:data1\" content=\"Perla\" \/>\n\t<meta name=\"twitter:label2\" content=\"Dur\u00e9e de lecture est.\" \/>\n\t<meta name=\"twitter:data2\" content=\"4 minutes\" \/>\n<script type=\"application\/ld+json\" class=\"yoast-schema-graph\">{\"@context\":\"https:\/\/schema.org\",\"@graph\":[{\"@type\":\"Article\",\"@id\":\"https:\/\/www.wash-megroup.com\/fr-be\/lavage-sac-a-dos\/#article\",\"isPartOf\":{\"@id\":\"https:\/\/www.wash-megroup.com\/fr-be\/lavage-sac-a-dos\/\"},\"author\":{\"name\":\"Perla\",\"@id\":\"https:\/\/www.wash-megroup.com\/fr-be\/#\/schema\/person\/4d7764ed34250a573b5911fc2a7b659c\"},\"headline\":\"Laver un sac \u00e0 dos en machine\u00a0: comment faire\u00a0?\",\"datePublished\":\"2022-09-26T13:00:24+00:00\",\"mainEntityOfPage\":{\"@id\":\"https:\/\/www.wash-megroup.com\/fr-be\/lavage-sac-a-dos\/\"},\"wordCount\":887,\"commentCount\":0,\"publisher\":{\"@id\":\"https:\/\/www.wash-megroup.com\/fr-be\/#organization\"},\"image\":{\"@id\":\"https:\/\/www.wash-megroup.com\/fr-be\/lavage-sac-a-dos\/#primaryimage\"},\"thumbnailUrl\":\"https:\/\/www.wash-megroup.com\/wp-content\/uploads\/2022\/09\/VIGNETTES_SITEREVO_SACADOS.jpg\",\"articleSection\":[\"Conseils lavage\"],\"inLanguage\":\"fr-BE\",\"potentialAction\":[{\"@type\":\"CommentAction\",\"name\":\"Comment\",\"target\":[\"https:\/\/www.wash-megroup.com\/fr-be\/lavage-sac-a-dos\/#respond\"]}]},{\"@type\":\"WebPage\",\"@id\":\"https:\/\/www.wash-megroup.com\/fr-be\/lavage-sac-a-dos\/\",\"url\":\"https:\/\/www.wash-megroup.com\/fr-be\/lavage-sac-a-dos\/\",\"name\":\"Laver un sac \u00e0 dos en machine\u00a0: comment faire\u00a0? - Wash-ME\",\"isPartOf\":{\"@id\":\"https:\/\/www.wash-megroup.com\/fr-be\/#website\"},\"primaryImageOfPage\":{\"@id\":\"https:\/\/www.wash-megroup.com\/fr-be\/lavage-sac-a-dos\/#primaryimage\"},\"image\":{\"@id\":\"https:\/\/www.wash-megroup.com\/fr-be\/lavage-sac-a-dos\/#primaryimage\"},\"thumbnailUrl\":\"https:\/\/www.wash-megroup.com\/wp-content\/uploads\/2022\/09\/VIGNETTES_SITEREVO_SACADOS.jpg\",\"datePublished\":\"2022-09-26T13:00:24+00:00\",\"breadcrumb\":{\"@id\":\"https:\/\/www.wash-megroup.com\/fr-be\/lavage-sac-a-dos\/#breadcrumb\"},\"inLanguage\":\"fr-BE\",\"potentialAction\":[{\"@type\":\"ReadAction\",\"target\":[\"https:\/\/www.wash-megroup.com\/fr-be\/lavage-sac-a-dos\/\"]}]},{\"@type\":\"ImageObject\",\"inLanguage\":\"fr-BE\",\"@id\":\"https:\/\/www.wash-megroup.com\/fr-be\/lavage-sac-a-dos\/#primaryimage\",\"url\":\"https:\/\/www.wash-megroup.com\/wp-content\/uploads\/2022\/09\/VIGNETTES_SITEREVO_SACADOS.jpg\",\"contentUrl\":\"https:\/\/www.wash-megroup.com\/wp-content\/uploads\/2022\/09\/VIGNETTES_SITEREVO_SACADOS.jpg\",\"width\":400,\"height\":400,\"caption\":\"Lavage sac \u00e0 dos\"},{\"@type\":\"BreadcrumbList\",\"@id\":\"https:\/\/www.wash-megroup.com\/fr-be\/lavage-sac-a-dos\/#breadcrumb\",\"itemListElement\":[{\"@type\":\"ListItem\",\"position\":1,\"name\":\"Home\",\"item\":\"https:\/\/www.wash-megroup.com\/fr-be\/\"},{\"@type\":\"ListItem\",\"position\":2,\"name\":\"Laver un sac \u00e0 dos en machine\u00a0: comment faire\u00a0?\"}]},{\"@type\":\"WebSite\",\"@id\":\"https:\/\/www.wash-megroup.com\/fr-be\/#website\",\"url\":\"https:\/\/www.wash-megroup.com\/fr-be\/\",\"name\":\"Wash-ME\",\"description\":\"Acc\u00e9dez \u00e0 l&#039;espace particulier\",\"publisher\":{\"@id\":\"https:\/\/www.wash-megroup.com\/fr-be\/#organization\"},\"potentialAction\":[{\"@type\":\"SearchAction\",\"target\":{\"@type\":\"EntryPoint\",\"urlTemplate\":\"https:\/\/www.wash-megroup.com\/fr-be\/?s={search_term_string}\"},\"query-input\":{\"@type\":\"PropertyValueSpecification\",\"valueRequired\":true,\"valueName\":\"search_term_string\"}}],\"inLanguage\":\"fr-BE\"},{\"@type\":\"Organization\",\"@id\":\"https:\/\/www.wash-megroup.com\/fr-be\/#organization\",\"name\":\"Wash-ME\",\"url\":\"https:\/\/www.wash-megroup.com\/fr-be\/\",\"logo\":{\"@type\":\"ImageObject\",\"inLanguage\":\"fr-BE\",\"@id\":\"https:\/\/www.wash-megroup.com\/fr-be\/#\/schema\/logo\/image\/\",\"url\":\"https:\/\/www.wash-megroup.com\/wp-content\/uploads\/2021\/07\/logo_revolaundry_white@2x.png\",\"contentUrl\":\"https:\/\/www.wash-megroup.com\/wp-content\/uploads\/2021\/07\/logo_revolaundry_white@2x.png\",\"width\":538,\"height\":146,\"caption\":\"Wash-ME\"},\"image\":{\"@id\":\"https:\/\/www.wash-megroup.com\/fr-be\/#\/schema\/logo\/image\/\"}},{\"@type\":\"Person\",\"@id\":\"https:\/\/www.wash-megroup.com\/fr-be\/#\/schema\/person\/4d7764ed34250a573b5911fc2a7b659c\",\"name\":\"Perla\",\"image\":{\"@type\":\"ImageObject\",\"inLanguage\":\"fr-BE\",\"@id\":\"https:\/\/www.wash-megroup.com\/fr-be\/#\/schema\/person\/image\/\",\"url\":\"https:\/\/secure.gravatar.com\/avatar\/8640fe5c5bda3e17751d20f725486c77f8b5bc324b63e7a612dcb73fec62ed7e?s=96&d=mm&r=g\",\"contentUrl\":\"https:\/\/secure.gravatar.com\/avatar\/8640fe5c5bda3e17751d20f725486c77f8b5bc324b63e7a612dcb73fec62ed7e?s=96&d=mm&r=g\",\"caption\":\"Perla\"},\"url\":\"https:\/\/www.wash-megroup.com\/fr-be\/author\/pnakhoul\/\"}]}<\/script>","yoast_head_json":{"title":"Laver un sac \u00e0 dos en machine\u00a0: comment faire\u00a0? - Wash-ME","robots":{"index":"index","follow":"follow","max-snippet":"max-snippet:-1","max-image-preview":"max-image-preview:large","max-video-preview":"max-video-preview:-1"},"canonical":"https:\/\/www.wash-megroup.com\/fr-be\/lavage-sac-a-dos\/","og_locale":"fr_FR","og_type":"article","og_title":"Laver un sac \u00e0 dos en machine\u00a0: comment faire\u00a0? - Wash-ME","og_description":"Comment laver un sac \u00e0 dos en machine&nbsp;? On a parfois tendance...","og_url":"https:\/\/www.wash-megroup.com\/fr-be\/lavage-sac-a-dos\/","og_site_name":"Wash-ME","article_published_time":"2022-09-26T13:00:24+00:00","og_image":[{"url":"https:\/\/www.wash-megroup.com\/wp-content\/uploads\/2022\/09\/AdobeStock_56549270.jpg","type":"","width":"","height":""}],"author":"Perla","twitter_card":"summary_large_image","twitter_misc":{"\u00c9crit par":"Perla","Dur\u00e9e de lecture est.":"4 minutes"},"schema":{"@context":"https:\/\/schema.org","@graph":[{"@type":"Article","@id":"https:\/\/www.wash-megroup.com\/fr-be\/lavage-sac-a-dos\/#article","isPartOf":{"@id":"https:\/\/www.wash-megroup.com\/fr-be\/lavage-sac-a-dos\/"},"author":{"name":"Perla","@id":"https:\/\/www.wash-megroup.com\/fr-be\/#\/schema\/person\/4d7764ed34250a573b5911fc2a7b659c"},"headline":"Laver un sac \u00e0 dos en machine\u00a0: comment faire\u00a0?","datePublished":"2022-09-26T13:00:24+00:00","mainEntityOfPage":{"@id":"https:\/\/www.wash-megroup.com\/fr-be\/lavage-sac-a-dos\/"},"wordCount":887,"commentCount":0,"publisher":{"@id":"https:\/\/www.wash-megroup.com\/fr-be\/#organization"},"image":{"@id":"https:\/\/www.wash-megroup.com\/fr-be\/lavage-sac-a-dos\/#primaryimage"},"thumbnailUrl":"https:\/\/www.wash-megroup.com\/wp-content\/uploads\/2022\/09\/VIGNETTES_SITEREVO_SACADOS.jpg","articleSection":["Conseils lavage"],"inLanguage":"fr-BE","potentialAction":[{"@type":"CommentAction","name":"Comment","target":["https:\/\/www.wash-megroup.com\/fr-be\/lavage-sac-a-dos\/#respond"]}]},{"@type":"WebPage","@id":"https:\/\/www.wash-megroup.com\/fr-be\/lavage-sac-a-dos\/","url":"https:\/\/www.wash-megroup.com\/fr-be\/lavage-sac-a-dos\/","name":"Laver un sac \u00e0 dos en machine\u00a0: comment faire\u00a0? - Wash-ME","isPartOf":{"@id":"https:\/\/www.wash-megroup.com\/fr-be\/#website"},"primaryImageOfPage":{"@id":"https:\/\/www.wash-megroup.com\/fr-be\/lavage-sac-a-dos\/#primaryimage"},"image":{"@id":"https:\/\/www.wash-megroup.com\/fr-be\/lavage-sac-a-dos\/#primaryimage"},"thumbnailUrl":"https:\/\/www.wash-megroup.com\/wp-content\/uploads\/2022\/09\/VIGNETTES_SITEREVO_SACADOS.jpg","datePublished":"2022-09-26T13:00:24+00:00","breadcrumb":{"@id":"https:\/\/www.wash-megroup.com\/fr-be\/lavage-sac-a-dos\/#breadcrumb"},"inLanguage":"fr-BE","potentialAction":[{"@type":"ReadAction","target":["https:\/\/www.wash-megroup.com\/fr-be\/lavage-sac-a-dos\/"]}]},{"@type":"ImageObject","inLanguage":"fr-BE","@id":"https:\/\/www.wash-megroup.com\/fr-be\/lavage-sac-a-dos\/#primaryimage","url":"https:\/\/www.wash-megroup.com\/wp-content\/uploads\/2022\/09\/VIGNETTES_SITEREVO_SACADOS.jpg","contentUrl":"https:\/\/www.wash-megroup.com\/wp-content\/uploads\/2022\/09\/VIGNETTES_SITEREVO_SACADOS.jpg","width":400,"height":400,"caption":"Lavage sac \u00e0 dos"},{"@type":"BreadcrumbList","@id":"https:\/\/www.wash-megroup.com\/fr-be\/lavage-sac-a-dos\/#breadcrumb","itemListElement":[{"@type":"ListItem","position":1,"name":"Home","item":"https:\/\/www.wash-megroup.com\/fr-be\/"},{"@type":"ListItem","position":2,"name":"Laver un sac \u00e0 dos en machine\u00a0: comment faire\u00a0?"}]},{"@type":"WebSite","@id":"https:\/\/www.wash-megroup.com\/fr-be\/#website","url":"https:\/\/www.wash-megroup.com\/fr-be\/","name":"Wash-ME","description":"Acc\u00e9dez \u00e0 l&#039;espace particulier","publisher":{"@id":"https:\/\/www.wash-megroup.com\/fr-be\/#organization"},"potentialAction":[{"@type":"SearchAction","target":{"@type":"EntryPoint","urlTemplate":"https:\/\/www.wash-megroup.com\/fr-be\/?s={search_term_string}"},"query-input":{"@type":"PropertyValueSpecification","valueRequired":true,"valueName":"search_term_string"}}],"inLanguage":"fr-BE"},{"@type":"Organization","@id":"https:\/\/www.wash-megroup.com\/fr-be\/#organization","name":"Wash-ME","url":"https:\/\/www.wash-megroup.com\/fr-be\/","logo":{"@type":"ImageObject","inLanguage":"fr-BE","@id":"https:\/\/www.wash-megroup.com\/fr-be\/#\/schema\/logo\/image\/","url":"https:\/\/www.wash-megroup.com\/wp-content\/uploads\/2021\/07\/logo_revolaundry_white@2x.png","contentUrl":"https:\/\/www.wash-megroup.com\/wp-content\/uploads\/2021\/07\/logo_revolaundry_white@2x.png","width":538,"height":146,"caption":"Wash-ME"},"image":{"@id":"https:\/\/www.wash-megroup.com\/fr-be\/#\/schema\/logo\/image\/"}},{"@type":"Person","@id":"https:\/\/www.wash-megroup.com\/fr-be\/#\/schema\/person\/4d7764ed34250a573b5911fc2a7b659c","name":"Perla","image":{"@type":"ImageObject","inLanguage":"fr-BE","@id":"https:\/\/www.wash-megroup.com\/fr-be\/#\/schema\/person\/image\/","url":"https:\/\/secure.gravatar.com\/avatar\/8640fe5c5bda3e17751d20f725486c77f8b5bc324b63e7a612dcb73fec62ed7e?s=96&d=mm&r=g","contentUrl":"https:\/\/secure.gravatar.com\/avatar\/8640fe5c5bda3e17751d20f725486c77f8b5bc324b63e7a612dcb73fec62ed7e?s=96&d=mm&r=g","caption":"Perla"},"url":"https:\/\/www.wash-megroup.com\/fr-be\/author\/pnakhoul\/"}]}},"_links":{"self":[{"href":"https:\/\/www.wash-megroup.com\/fr-be\/wp-json\/wp\/v2\/posts\/162677","targetHints":{"allow":["GET"]}}],"collection":[{"href":"https:\/\/www.wash-megroup.com\/fr-be\/wp-json\/wp\/v2\/posts"}],"about":[{"href":"https:\/\/www.wash-megroup.com\/fr-be\/wp-json\/wp\/v2\/types\/post"}],"author":[{"embeddable":true,"href":"https:\/\/www.wash-megroup.com\/fr-be\/wp-json\/wp\/v2\/users\/10"}],"replies":[{"embeddable":true,"href":"https:\/\/www.wash-megroup.com\/fr-be\/wp-json\/wp\/v2\/comments?post=162677"}],"version-history":[{"count":0,"href":"https:\/\/www.wash-megroup.com\/fr-be\/wp-json\/wp\/v2\/posts\/162677\/revisions"}],"wp:featuredmedia":[{"embeddable":true,"href":"https:\/\/www.wash-megroup.com\/fr-be\/wp-json\/wp\/v2\/media\/134862"}],"wp:attachment":[{"href":"https:\/\/www.wash-megroup.com\/fr-be\/wp-json\/wp\/v2\/media?parent=162677"}],"wp:term":[{"taxonomy":"category","embeddable":true,"href":"https:\/\/www.wash-megroup.com\/fr-be\/wp-json\/wp\/v2\/categories?post=162677"},{"taxonomy":"post_tag","embeddable":true,"href":"https:\/\/www.wash-megroup.com\/fr-be\/wp-json\/wp\/v2\/tags?post=162677"}],"curies":[{"name":"wp","href":"https:\/\/api.w.org\/{rel}","templated":true}]}}