{"id":162683,"date":"2022-04-11T14:50:57","date_gmt":"2022-04-11T12:50:57","guid":{"rendered":"https:\/\/www.wash-megroup.com\/allergie-aux-acariens-les-minutes-de-jeremy\/"},"modified":"2024-04-23T12:13:40","modified_gmt":"2024-04-23T10:13:40","slug":"allergie-aux-acariens-les-minutes-de-jeremy","status":"publish","type":"post","link":"https:\/\/www.wash-megroup.com\/fr-be\/allergie-aux-acariens-les-minutes-de-jeremy\/","title":{"rendered":"Allergie aux acariens &#8211; Les Minutes de J\u00e9r\u00e9my"},"content":{"rendered":"\n<h1 class=\"wp-block-heading\"><strong>Allergie aux acariens<\/strong> <\/h1>\n\n\n\n<p>Saviez-vous qu\u2019il faut laver une couette tous les trois mois ? Les minutes de J\u00e9r\u00e9my nous explique les diff\u00e9rentes causes et m\u00e9canismes des allergies respiratoires, avec un focus sur les acariens, et nous livre quelques recommandations pour nos literies !<\/p>\n\n\n<div class=\"block-video block-video--text-before block-video--bg-top\">\n    <div class=\"block-video__wrapper\">\n        <div class=\"block-video__container\">\n\t        \t\t        <div class=\"block-video__title-wrapper\">\n\t\t\t        <h2 class=\"title block-video__title title--size-m\">\n    Les Minutes de J\u00e9r\u00e9my X Wash ME<\/h2>\n\t\t        <\/div>\n\t                                    <div class=\"block-video__text\">\n                    <div class=\"text \">\n    Vid\u00e9o r\u00e9alis\u00e9e en partenariat avec le youtubeur de la cha\u00eene \u00ab\u00a0Les minutes de J\u00e9r\u00e9my\u00a0\u00bb, \u00e9tudiant Infirmier Anesth\u00e9siste dont les contenus ont pour objectif de vulgariser des sujets sur le th\u00e8me de la sant\u00e9 sur Youtube et Instagram.<\/div>\n                <\/div>\n                        <div class=\"block-video__video\">\n                <iframe class=\"video \" src=\"https:\/\/player.vimeo.com\/video\/696108246\"\n        allow=\"autoplay; fullscreen; picture-in-picture\" allowfullscreen><\/iframe>\n            <\/div>\n                                <\/div>\n    <\/div>\n<\/div>\n\n\n\n<h2 class=\"wp-block-heading\">transcription de la vid\u00e9o : <\/h2>\n\n\n\n<p>\u00ab\u00a0Je vous avais parl\u00e9 dans une pr\u00e9c\u00e9dente vid\u00e9o de l\u2019allergie \u00e0 l\u2019iode, qui s\u2019av\u00e8re \u2026 ne pas exister. Aujourd\u2019hui j\u2019aimerai vous parler de l\u2019allergie \u00e0 la poussi\u00e8re, un terme qu\u2019on a toutes et tous d\u00e9j\u00e0 entendu au cours de notre vie. A votre avis, est-ce que l\u2019on peut r\u00e9ellement \u00eatre allergique \u00e0 la poussi\u00e8re de notre maison ? R\u00e9pondez dans votre t\u00eate pendant l\u2019introduction, je vous explique tout dans cette vid\u00e9o. Mais petit spoil : on va toutes et tous avoir TRES ENVIE de faire un grand m\u00e9nage dans son logement juste apr\u00e8s cette vid\u00e9o.<br><br>Alors la r\u00e9ponse ne sera pas aussi tranch\u00e9e que pour l\u2019allergie \u00e0 l\u2019iode, car ici le terme \u00ab allergie \u00e0 la poussi\u00e8re \u00bb est faux MAIS on peut \u00eatre allergique \u00e0 plusieurs composants de la poussi\u00e8re \u2026<br>Dans la poussi\u00e8re on trouve plein de choses, des poils d\u2019animaux si vous en avez, du pollen et \u2026 des acariens. Alors si vous ne voyez pas \u00e0 quoi \u00e7a ressemble c\u2019est normal, un acarien ne se voit pas \u00e0 l\u2019\u0153il nu mais en gros c\u2019est \u00e7a [image]. Oui je suis d\u2019accord avec vous on est plut\u00f4t contents qu\u2019ils ne soient pas visibles\u2026<br>Pourquoi j\u2019insiste sur les acariens et bien tout simplement parce qu\u2019ils sont la cause principale des allergies respiratoires \u2026. Qui concernent quand m\u00eame 30% de la population. Donc th\u00e9oriquement une personne sur trois qui regardera cette vid\u00e9o pr\u00e9sente des allergies respiratoires qui sont principalement dues aux acariens, pr\u00e9sents dans la poussi\u00e8re \u2026 Les acariens sont \u00e9tudi\u00e9s depuis des dizaines d\u2019ann\u00e9es (111 ans tr\u00e8s exactement) et plusieurs centaines d\u2019\u00e9tudes ont \u00e9t\u00e9 publi\u00e9 sur le sujet, prouvant notamment ce lien entre l\u2019acarien et les allergies respiratoires. Comme d\u2019habitude vous pourrez retrouver mes sources en description juste en dessous.<br>Pour pr\u00e9senter l\u2019animal [lit un livre], les acariens \u00ab domestiques \u00bb sont des arthropodes, de la classe des arachnides (comme les araign\u00e9es et les scorpions \u2026\u2026\u2026..), poss\u00e8dent 8 pattes et n\u2019ont pas d\u2019ailes. Il existe 50 000 esp\u00e8ces diff\u00e9rentes et seulement quatre familles sont responsables d\u2019allergies respiratoires et pas de bol c\u2019est justement celles qu\u2019on retrouve chez nous. Leur taille diff\u00e8re selon leur esp\u00e8ce, mais celle qu\u2019on retrouve le plus \u00e0 la maison mesure maximum 400 microm\u00e8tres. Ils se nourrissent de nos \u2026 squames \u2026 Ils se nourrissent de nos peaux mortes !<br>Mais alors comment les acariens font-ils pour d\u00e9clencher des allergies respiratoires ? Eh bien petit d\u00e9tail un peu d\u00e9gueu c\u2019est que ce ne sont pas les acariens, les insectes en eux-m\u00eames qui vont venir provoquer les allergies mais plut\u00f4t \u2026 leurs d\u00e9chets. Comme leurs selles oui mais aussi leur salive, leurs cellules mortes, leur cadavre aussi, bref des choses qu\u2019elles vont laisser derri\u00e8re elle. Ces d\u00e9chets peuvent \u00eatre tr\u00e8s facilement transport\u00e9s dans l\u2019air et donc inhal\u00e9s par les personnes en pr\u00e9sence de poussi\u00e8re. Une fois \u00e0 l\u2019int\u00e9rieur de l\u2019organisme, ces particules vont passer par la trach\u00e9e puis atterrir dans les bronches o\u00f9 elles vont stimuler et irriter l\u2019\u00e9pith\u00e9lium, la surface tapissant les bronches des personnes allergiques. L\u00e0 on a le m\u00e9canisme classique de l\u2019allergie : notre corps poss\u00e8de une brigade capable de reconna\u00eetre les mol\u00e9cules connues ou inconnues. Pour 20 \u00e0 30% de la population, les particules d\u00e9riv\u00e9es des acariens vont \u00eatre inconnues pour l\u2019organisme, ce dernier va donc tenter de les d\u00e9truire via ce qu\u2019on appelle l\u2019immunit\u00e9 inn\u00e9e : des soldats sont envoy\u00e9s sur le lieu de la \u00ab violation de domicile \u00bb des mol\u00e9cules \u00e9trang\u00e8res et va d\u00e9truire les particules. Mais cette destruction a un prix \u00e0 payer, elle va entra\u00eener une inflammation locale. Je vous rappelle qu\u2019ici on parle d\u2019allergie respiratoire, le lieu de l\u2019inflammation se situe donc dans les bronches. Cette inflammation peut alors provoquer des rhinites ou des crises d\u2019asthme : la paroi des bronches s\u2019\u00e9paissit, le calibre diminue, la g\u00eane respiratoire s\u2019installe.<br>Bien \u00e9videmment il n\u2019y a pas que les acariens qui peuvent d\u00e9clencher ces \u00ab allergies respiratoires \u00bb on retrouve \u00e9galement la pollution (typiquement dans les grandes villes il y a beaucoup de cas d\u2019asthme allergique), la fum\u00e9e de tabac, etc. Mais ici on parle acariens alors on va rester centr\u00e9s sur le sujet !<br>A savoir que les enfants sont encore plus sensibles que nous \u00e0 ces agressions ext\u00e9rieures et vont donc \u00eatre plus susceptibles de d\u00e9clencher des allergies respiratoires en pr\u00e9sence d\u2019acariens.<br>Que peut-on faire alors pour lutter contre ces ennemis invisibles qui nous font respirer leur [BIP].<\/p>\n\n\n\n<p><br>Eh bien on retrouve :<\/p>\n\n\n\n<ul class=\"wp-block-list\">\n<li>A\u00e9ration r\u00e9guli\u00e8re des pi\u00e8ces et surtout des chambres<\/li>\n\n\n\n<li>Utiliser de literie en polyur\u00e9thane<\/li>\n\n\n\n<li>La mise au cong\u00e9lateur des \u2026 peluches ? pour tuer les acariens ?<\/li>\n\n\n\n<li>Eviter \u00e0 tout prix la moquette<\/li>\n\n\n\n<li>Laver ses draps \u00e0 60\u00b0c toutes les semaines et sa couette tous les trois mois\u2026.<br>Tous les trois mois ? [mini vid\u00e9o souvenir dans laquelle je me rappelle avoir achet\u00e9 ma couette un an et demi plus t\u00f4t et ne l\u2019avoir jamais lav\u00e9]<br>On en retrouve des millions et des millions dans notre literie \u2026.\u00a0\u00bb<\/li>\n<\/ul>\n\n\n\n<p><\/p>\n","protected":false},"excerpt":{"rendered":"<p>Allergie aux acariens Saviez-vous qu\u2019il faut laver une couette tous les trois&#8230;<\/p>\n","protected":false},"author":3,"featured_media":118795,"comment_status":"open","ping_status":"closed","sticky":false,"template":"","format":"standard","meta":{"_acf_changed":false,"footnotes":""},"categories":[316],"tags":[],"class_list":["post-162683","post","type-post","status-publish","format-standard","has-post-thumbnail","hentry","category-conseils-lavage-fr-be"],"acf":[],"yoast_head":"<title>Allergie aux acariens - Les Minutes de J\u00e9r\u00e9my - Wash-ME<\/title>\n<meta name=\"description\" content=\"Conseils pratiques de Jeremy sur la gestion des allergies aux acariens. D\u00e9couvrez comment garder vos v\u00eatements propres et sans allerg\u00e8nes.\" \/>\n<meta name=\"robots\" content=\"index, follow, max-snippet:-1, max-image-preview:large, max-video-preview:-1\" \/>\n<link rel=\"canonical\" href=\"https:\/\/www.wash-megroup.com\/fr-be\/allergie-aux-acariens-les-minutes-de-jeremy\/\" \/>\n<meta property=\"og:locale\" content=\"fr_FR\" \/>\n<meta property=\"og:type\" content=\"article\" \/>\n<meta property=\"og:title\" content=\"Allergie aux acariens - Les Minutes de J\u00e9r\u00e9my - Wash-ME\" \/>\n<meta property=\"og:description\" content=\"Conseils pratiques de Jeremy sur la gestion des allergies aux acariens. D\u00e9couvrez comment garder vos v\u00eatements propres et sans allerg\u00e8nes.\" \/>\n<meta property=\"og:url\" content=\"https:\/\/www.wash-megroup.com\/fr-be\/allergie-aux-acariens-les-minutes-de-jeremy\/\" \/>\n<meta property=\"og:site_name\" content=\"Wash-ME\" \/>\n<meta property=\"article:published_time\" content=\"2022-04-11T12:50:57+00:00\" \/>\n<meta property=\"article:modified_time\" content=\"2024-04-23T10:13:40+00:00\" \/>\n<meta property=\"og:image\" content=\"https:\/\/www.wash-megroup.com\/wp-content\/uploads\/2022\/05\/VIGNETTES_SITE-REVO_LES_MINUTES_DE_JEREMY6.jpg\" \/>\n\t<meta property=\"og:image:width\" content=\"400\" \/>\n\t<meta property=\"og:image:height\" content=\"400\" \/>\n\t<meta property=\"og:image:type\" content=\"image\/jpeg\" \/>\n<meta name=\"author\" content=\"alicia\" \/>\n<meta name=\"twitter:card\" content=\"summary_large_image\" \/>\n<meta name=\"twitter:label1\" content=\"\u00c9crit par\" \/>\n\t<meta name=\"twitter:data1\" content=\"alicia\" \/>\n\t<meta name=\"twitter:label2\" content=\"Dur\u00e9e de lecture est.\" \/>\n\t<meta name=\"twitter:data2\" content=\"4 minutes\" \/>\n<script type=\"application\/ld+json\" class=\"yoast-schema-graph\">{\"@context\":\"https:\/\/schema.org\",\"@graph\":[{\"@type\":\"Article\",\"@id\":\"https:\/\/www.wash-megroup.com\/fr-be\/allergie-aux-acariens-les-minutes-de-jeremy\/#article\",\"isPartOf\":{\"@id\":\"https:\/\/www.wash-megroup.com\/fr-be\/allergie-aux-acariens-les-minutes-de-jeremy\/\"},\"author\":{\"name\":\"alicia\",\"@id\":\"https:\/\/www.wash-megroup.com\/fr-be\/#\/schema\/person\/de41c50cdd94fb865915e32b122147a0\"},\"headline\":\"Allergie aux acariens &#8211; Les Minutes de J\u00e9r\u00e9my\",\"datePublished\":\"2022-04-11T12:50:57+00:00\",\"dateModified\":\"2024-04-23T10:13:40+00:00\",\"mainEntityOfPage\":{\"@id\":\"https:\/\/www.wash-megroup.com\/fr-be\/allergie-aux-acariens-les-minutes-de-jeremy\/\"},\"wordCount\":961,\"commentCount\":0,\"publisher\":{\"@id\":\"https:\/\/www.wash-megroup.com\/fr-be\/#organization\"},\"image\":{\"@id\":\"https:\/\/www.wash-megroup.com\/fr-be\/allergie-aux-acariens-les-minutes-de-jeremy\/#primaryimage\"},\"thumbnailUrl\":\"https:\/\/www.wash-megroup.com\/wp-content\/uploads\/2022\/05\/VIGNETTES_SITE-REVO_LES_MINUTES_DE_JEREMY6.jpg\",\"articleSection\":[\"Conseils lavage\"],\"inLanguage\":\"fr-BE\",\"potentialAction\":[{\"@type\":\"CommentAction\",\"name\":\"Comment\",\"target\":[\"https:\/\/www.wash-megroup.com\/fr-be\/allergie-aux-acariens-les-minutes-de-jeremy\/#respond\"]}]},{\"@type\":\"WebPage\",\"@id\":\"https:\/\/www.wash-megroup.com\/fr-be\/allergie-aux-acariens-les-minutes-de-jeremy\/\",\"url\":\"https:\/\/www.wash-megroup.com\/fr-be\/allergie-aux-acariens-les-minutes-de-jeremy\/\",\"name\":\"Allergie aux acariens - Les Minutes de J\u00e9r\u00e9my - Wash-ME\",\"isPartOf\":{\"@id\":\"https:\/\/www.wash-megroup.com\/fr-be\/#website\"},\"primaryImageOfPage\":{\"@id\":\"https:\/\/www.wash-megroup.com\/fr-be\/allergie-aux-acariens-les-minutes-de-jeremy\/#primaryimage\"},\"image\":{\"@id\":\"https:\/\/www.wash-megroup.com\/fr-be\/allergie-aux-acariens-les-minutes-de-jeremy\/#primaryimage\"},\"thumbnailUrl\":\"https:\/\/www.wash-megroup.com\/wp-content\/uploads\/2022\/05\/VIGNETTES_SITE-REVO_LES_MINUTES_DE_JEREMY6.jpg\",\"datePublished\":\"2022-04-11T12:50:57+00:00\",\"dateModified\":\"2024-04-23T10:13:40+00:00\",\"description\":\"Conseils pratiques de Jeremy sur la gestion des allergies aux acariens. D\u00e9couvrez comment garder vos v\u00eatements propres et sans allerg\u00e8nes.\",\"breadcrumb\":{\"@id\":\"https:\/\/www.wash-megroup.com\/fr-be\/allergie-aux-acariens-les-minutes-de-jeremy\/#breadcrumb\"},\"inLanguage\":\"fr-BE\",\"potentialAction\":[{\"@type\":\"ReadAction\",\"target\":[\"https:\/\/www.wash-megroup.com\/fr-be\/allergie-aux-acariens-les-minutes-de-jeremy\/\"]}]},{\"@type\":\"ImageObject\",\"inLanguage\":\"fr-BE\",\"@id\":\"https:\/\/www.wash-megroup.com\/fr-be\/allergie-aux-acariens-les-minutes-de-jeremy\/#primaryimage\",\"url\":\"https:\/\/www.wash-megroup.com\/wp-content\/uploads\/2022\/05\/VIGNETTES_SITE-REVO_LES_MINUTES_DE_JEREMY6.jpg\",\"contentUrl\":\"https:\/\/www.wash-megroup.com\/wp-content\/uploads\/2022\/05\/VIGNETTES_SITE-REVO_LES_MINUTES_DE_JEREMY6.jpg\",\"width\":400,\"height\":400},{\"@type\":\"BreadcrumbList\",\"@id\":\"https:\/\/www.wash-megroup.com\/fr-be\/allergie-aux-acariens-les-minutes-de-jeremy\/#breadcrumb\",\"itemListElement\":[{\"@type\":\"ListItem\",\"position\":1,\"name\":\"Home\",\"item\":\"https:\/\/www.wash-megroup.com\/fr-be\/\"},{\"@type\":\"ListItem\",\"position\":2,\"name\":\"Allergie aux acariens &#8211; Les Minutes de J\u00e9r\u00e9my\"}]},{\"@type\":\"WebSite\",\"@id\":\"https:\/\/www.wash-megroup.com\/fr-be\/#website\",\"url\":\"https:\/\/www.wash-megroup.com\/fr-be\/\",\"name\":\"Wash-ME\",\"description\":\"Acc\u00e9dez \u00e0 l&#039;espace particulier\",\"publisher\":{\"@id\":\"https:\/\/www.wash-megroup.com\/fr-be\/#organization\"},\"potentialAction\":[{\"@type\":\"SearchAction\",\"target\":{\"@type\":\"EntryPoint\",\"urlTemplate\":\"https:\/\/www.wash-megroup.com\/fr-be\/?s={search_term_string}\"},\"query-input\":{\"@type\":\"PropertyValueSpecification\",\"valueRequired\":true,\"valueName\":\"search_term_string\"}}],\"inLanguage\":\"fr-BE\"},{\"@type\":\"Organization\",\"@id\":\"https:\/\/www.wash-megroup.com\/fr-be\/#organization\",\"name\":\"Wash-ME\",\"url\":\"https:\/\/www.wash-megroup.com\/fr-be\/\",\"logo\":{\"@type\":\"ImageObject\",\"inLanguage\":\"fr-BE\",\"@id\":\"https:\/\/www.wash-megroup.com\/fr-be\/#\/schema\/logo\/image\/\",\"url\":\"https:\/\/www.wash-megroup.com\/wp-content\/uploads\/2021\/07\/logo_revolaundry_white@2x.png\",\"contentUrl\":\"https:\/\/www.wash-megroup.com\/wp-content\/uploads\/2021\/07\/logo_revolaundry_white@2x.png\",\"width\":538,\"height\":146,\"caption\":\"Wash-ME\"},\"image\":{\"@id\":\"https:\/\/www.wash-megroup.com\/fr-be\/#\/schema\/logo\/image\/\"}},{\"@type\":\"Person\",\"@id\":\"https:\/\/www.wash-megroup.com\/fr-be\/#\/schema\/person\/de41c50cdd94fb865915e32b122147a0\",\"name\":\"alicia\",\"image\":{\"@type\":\"ImageObject\",\"inLanguage\":\"fr-BE\",\"@id\":\"https:\/\/www.wash-megroup.com\/fr-be\/#\/schema\/person\/image\/\",\"url\":\"https:\/\/secure.gravatar.com\/avatar\/2dcd24947f191920c0bb57165d19f82002dc154d5af504ff9e3ab894c9c6ba22?s=96&d=mm&r=g\",\"contentUrl\":\"https:\/\/secure.gravatar.com\/avatar\/2dcd24947f191920c0bb57165d19f82002dc154d5af504ff9e3ab894c9c6ba22?s=96&d=mm&r=g\",\"caption\":\"alicia\"},\"url\":\"https:\/\/www.wash-megroup.com\/fr-be\/author\/alicia\/\"}]}<\/script>","yoast_head_json":{"title":"Allergie aux acariens - Les Minutes de J\u00e9r\u00e9my - Wash-ME","description":"Conseils pratiques de Jeremy sur la gestion des allergies aux acariens. D\u00e9couvrez comment garder vos v\u00eatements propres et sans allerg\u00e8nes.","robots":{"index":"index","follow":"follow","max-snippet":"max-snippet:-1","max-image-preview":"max-image-preview:large","max-video-preview":"max-video-preview:-1"},"canonical":"https:\/\/www.wash-megroup.com\/fr-be\/allergie-aux-acariens-les-minutes-de-jeremy\/","og_locale":"fr_FR","og_type":"article","og_title":"Allergie aux acariens - Les Minutes de J\u00e9r\u00e9my - Wash-ME","og_description":"Conseils pratiques de Jeremy sur la gestion des allergies aux acariens. D\u00e9couvrez comment garder vos v\u00eatements propres et sans allerg\u00e8nes.","og_url":"https:\/\/www.wash-megroup.com\/fr-be\/allergie-aux-acariens-les-minutes-de-jeremy\/","og_site_name":"Wash-ME","article_published_time":"2022-04-11T12:50:57+00:00","article_modified_time":"2024-04-23T10:13:40+00:00","og_image":[{"width":400,"height":400,"url":"https:\/\/www.wash-megroup.com\/wp-content\/uploads\/2022\/05\/VIGNETTES_SITE-REVO_LES_MINUTES_DE_JEREMY6.jpg","type":"image\/jpeg"}],"author":"alicia","twitter_card":"summary_large_image","twitter_misc":{"\u00c9crit par":"alicia","Dur\u00e9e de lecture est.":"4 minutes"},"schema":{"@context":"https:\/\/schema.org","@graph":[{"@type":"Article","@id":"https:\/\/www.wash-megroup.com\/fr-be\/allergie-aux-acariens-les-minutes-de-jeremy\/#article","isPartOf":{"@id":"https:\/\/www.wash-megroup.com\/fr-be\/allergie-aux-acariens-les-minutes-de-jeremy\/"},"author":{"name":"alicia","@id":"https:\/\/www.wash-megroup.com\/fr-be\/#\/schema\/person\/de41c50cdd94fb865915e32b122147a0"},"headline":"Allergie aux acariens &#8211; Les Minutes de J\u00e9r\u00e9my","datePublished":"2022-04-11T12:50:57+00:00","dateModified":"2024-04-23T10:13:40+00:00","mainEntityOfPage":{"@id":"https:\/\/www.wash-megroup.com\/fr-be\/allergie-aux-acariens-les-minutes-de-jeremy\/"},"wordCount":961,"commentCount":0,"publisher":{"@id":"https:\/\/www.wash-megroup.com\/fr-be\/#organization"},"image":{"@id":"https:\/\/www.wash-megroup.com\/fr-be\/allergie-aux-acariens-les-minutes-de-jeremy\/#primaryimage"},"thumbnailUrl":"https:\/\/www.wash-megroup.com\/wp-content\/uploads\/2022\/05\/VIGNETTES_SITE-REVO_LES_MINUTES_DE_JEREMY6.jpg","articleSection":["Conseils lavage"],"inLanguage":"fr-BE","potentialAction":[{"@type":"CommentAction","name":"Comment","target":["https:\/\/www.wash-megroup.com\/fr-be\/allergie-aux-acariens-les-minutes-de-jeremy\/#respond"]}]},{"@type":"WebPage","@id":"https:\/\/www.wash-megroup.com\/fr-be\/allergie-aux-acariens-les-minutes-de-jeremy\/","url":"https:\/\/www.wash-megroup.com\/fr-be\/allergie-aux-acariens-les-minutes-de-jeremy\/","name":"Allergie aux acariens - Les Minutes de J\u00e9r\u00e9my - Wash-ME","isPartOf":{"@id":"https:\/\/www.wash-megroup.com\/fr-be\/#website"},"primaryImageOfPage":{"@id":"https:\/\/www.wash-megroup.com\/fr-be\/allergie-aux-acariens-les-minutes-de-jeremy\/#primaryimage"},"image":{"@id":"https:\/\/www.wash-megroup.com\/fr-be\/allergie-aux-acariens-les-minutes-de-jeremy\/#primaryimage"},"thumbnailUrl":"https:\/\/www.wash-megroup.com\/wp-content\/uploads\/2022\/05\/VIGNETTES_SITE-REVO_LES_MINUTES_DE_JEREMY6.jpg","datePublished":"2022-04-11T12:50:57+00:00","dateModified":"2024-04-23T10:13:40+00:00","description":"Conseils pratiques de Jeremy sur la gestion des allergies aux acariens. D\u00e9couvrez comment garder vos v\u00eatements propres et sans allerg\u00e8nes.","breadcrumb":{"@id":"https:\/\/www.wash-megroup.com\/fr-be\/allergie-aux-acariens-les-minutes-de-jeremy\/#breadcrumb"},"inLanguage":"fr-BE","potentialAction":[{"@type":"ReadAction","target":["https:\/\/www.wash-megroup.com\/fr-be\/allergie-aux-acariens-les-minutes-de-jeremy\/"]}]},{"@type":"ImageObject","inLanguage":"fr-BE","@id":"https:\/\/www.wash-megroup.com\/fr-be\/allergie-aux-acariens-les-minutes-de-jeremy\/#primaryimage","url":"https:\/\/www.wash-megroup.com\/wp-content\/uploads\/2022\/05\/VIGNETTES_SITE-REVO_LES_MINUTES_DE_JEREMY6.jpg","contentUrl":"https:\/\/www.wash-megroup.com\/wp-content\/uploads\/2022\/05\/VIGNETTES_SITE-REVO_LES_MINUTES_DE_JEREMY6.jpg","width":400,"height":400},{"@type":"BreadcrumbList","@id":"https:\/\/www.wash-megroup.com\/fr-be\/allergie-aux-acariens-les-minutes-de-jeremy\/#breadcrumb","itemListElement":[{"@type":"ListItem","position":1,"name":"Home","item":"https:\/\/www.wash-megroup.com\/fr-be\/"},{"@type":"ListItem","position":2,"name":"Allergie aux acariens &#8211; Les Minutes de J\u00e9r\u00e9my"}]},{"@type":"WebSite","@id":"https:\/\/www.wash-megroup.com\/fr-be\/#website","url":"https:\/\/www.wash-megroup.com\/fr-be\/","name":"Wash-ME","description":"Acc\u00e9dez \u00e0 l&#039;espace particulier","publisher":{"@id":"https:\/\/www.wash-megroup.com\/fr-be\/#organization"},"potentialAction":[{"@type":"SearchAction","target":{"@type":"EntryPoint","urlTemplate":"https:\/\/www.wash-megroup.com\/fr-be\/?s={search_term_string}"},"query-input":{"@type":"PropertyValueSpecification","valueRequired":true,"valueName":"search_term_string"}}],"inLanguage":"fr-BE"},{"@type":"Organization","@id":"https:\/\/www.wash-megroup.com\/fr-be\/#organization","name":"Wash-ME","url":"https:\/\/www.wash-megroup.com\/fr-be\/","logo":{"@type":"ImageObject","inLanguage":"fr-BE","@id":"https:\/\/www.wash-megroup.com\/fr-be\/#\/schema\/logo\/image\/","url":"https:\/\/www.wash-megroup.com\/wp-content\/uploads\/2021\/07\/logo_revolaundry_white@2x.png","contentUrl":"https:\/\/www.wash-megroup.com\/wp-content\/uploads\/2021\/07\/logo_revolaundry_white@2x.png","width":538,"height":146,"caption":"Wash-ME"},"image":{"@id":"https:\/\/www.wash-megroup.com\/fr-be\/#\/schema\/logo\/image\/"}},{"@type":"Person","@id":"https:\/\/www.wash-megroup.com\/fr-be\/#\/schema\/person\/de41c50cdd94fb865915e32b122147a0","name":"alicia","image":{"@type":"ImageObject","inLanguage":"fr-BE","@id":"https:\/\/www.wash-megroup.com\/fr-be\/#\/schema\/person\/image\/","url":"https:\/\/secure.gravatar.com\/avatar\/2dcd24947f191920c0bb57165d19f82002dc154d5af504ff9e3ab894c9c6ba22?s=96&d=mm&r=g","contentUrl":"https:\/\/secure.gravatar.com\/avatar\/2dcd24947f191920c0bb57165d19f82002dc154d5af504ff9e3ab894c9c6ba22?s=96&d=mm&r=g","caption":"alicia"},"url":"https:\/\/www.wash-megroup.com\/fr-be\/author\/alicia\/"}]}},"_links":{"self":[{"href":"https:\/\/www.wash-megroup.com\/fr-be\/wp-json\/wp\/v2\/posts\/162683","targetHints":{"allow":["GET"]}}],"collection":[{"href":"https:\/\/www.wash-megroup.com\/fr-be\/wp-json\/wp\/v2\/posts"}],"about":[{"href":"https:\/\/www.wash-megroup.com\/fr-be\/wp-json\/wp\/v2\/types\/post"}],"author":[{"embeddable":true,"href":"https:\/\/www.wash-megroup.com\/fr-be\/wp-json\/wp\/v2\/users\/3"}],"replies":[{"embeddable":true,"href":"https:\/\/www.wash-megroup.com\/fr-be\/wp-json\/wp\/v2\/comments?post=162683"}],"version-history":[{"count":1,"href":"https:\/\/www.wash-megroup.com\/fr-be\/wp-json\/wp\/v2\/posts\/162683\/revisions"}],"predecessor-version":[{"id":196113,"href":"https:\/\/www.wash-megroup.com\/fr-be\/wp-json\/wp\/v2\/posts\/162683\/revisions\/196113"}],"wp:featuredmedia":[{"embeddable":true,"href":"https:\/\/www.wash-megroup.com\/fr-be\/wp-json\/wp\/v2\/media\/118795"}],"wp:attachment":[{"href":"https:\/\/www.wash-megroup.com\/fr-be\/wp-json\/wp\/v2\/media?parent=162683"}],"wp:term":[{"taxonomy":"category","embeddable":true,"href":"https:\/\/www.wash-megroup.com\/fr-be\/wp-json\/wp\/v2\/categories?post=162683"},{"taxonomy":"post_tag","embeddable":true,"href":"https:\/\/www.wash-megroup.com\/fr-be\/wp-json\/wp\/v2\/tags?post=162683"}],"curies":[{"name":"wp","href":"https:\/\/api.w.org\/{rel}","templated":true}]}}