{"id":162688,"date":"2021-12-13T16:49:47","date_gmt":"2021-12-13T15:49:47","guid":{"rendered":"https:\/\/www.wash-megroup.com\/lavage-de-plaid\/"},"modified":"2021-12-13T16:49:47","modified_gmt":"2021-12-13T15:49:47","slug":"lavage-de-plaid","status":"publish","type":"post","link":"https:\/\/www.wash-megroup.com\/fr-be\/lavage-de-plaid\/","title":{"rendered":"Lavage de plaid : comment s\u2019y prendre ?"},"content":{"rendered":"\n<h1 class=\"wp-block-heading\"><strong>Comment faire un lavage de plaid ?<\/strong><\/h1>\n\n\n\n<p>Pour les soir\u00e9es d\u2019hiver, le plaid est devenu un accessoire incontournable que l\u2019on peut utiliser pour se couvrir pour regarder un film, tout comme pour bouquiner ou faire une sieste. Rang\u00e9 dans un panier ou d\u00e9pos\u00e9 sur le canap\u00e9, il est toujours \u00e0 port\u00e9e de main pour tenir chaud d\u00e8s qu\u2019on en aura besoin. Cela \u00e9tant, tout comme les coussins du canap\u00e9, il peut avoir tendance \u00e0 se salir au fil des utilisations, c\u2019est pourquoi un lavage de plaid s\u2019impose de temps \u00e0 autre&nbsp;! Alors comment r\u00e9aliser un lavage de plaid&nbsp;? D\u00e9couvrez nos conseils&nbsp;!<\/p>\n\n\n\n<figure class=\"wp-block-image size-full\"><img decoding=\"async\" width=\"680\" height=\"453\" src=\"https:\/\/www.Wash-ME-laundry.fr\/wp-content\/uploads\/2021\/12\/AdobeStock_256532744.jpg\" alt=\"\" class=\"wp-image-10912\" srcset=\"https:\/\/www.wash-megroup.com\/wp-content\/uploads\/2021\/12\/AdobeStock_256532744.jpg 680w, https:\/\/www.wash-megroup.com\/wp-content\/uploads\/2021\/12\/AdobeStock_256532744-300x200.jpg 300w\" sizes=\"(max-width: 680px) 100vw, 680px\" \/><\/figure>\n\n\n\n<h2 class=\"wp-block-heading\"><strong>En quelle mati\u00e8re est mon plaid<\/strong> ?<\/h2>\n\n\n\n<p>Avant de s\u2019int\u00e9resser aux techniques de lavage de plaid, il convient de savoir en quelle mati\u00e8re est son plaid. Le plus souvent, on parlera de plaid en polaire qui est une mati\u00e8re \u00e0 la fois douce et chaude, parfaite pour ce type d\u2019article. Cela \u00e9tant, on trouve aussi des plaids en velours, en coton ou encore en laine. Il convient donc de savoir en quelle mati\u00e8re est son plaid pour en effectuer le nettoyage.<\/p>\n\n\n\n<p>Dans la grande majorit\u00e9 des cas, il s\u2019agira d\u2019un plaid en polaire et il existe plusieurs sortes de polaires. Il y a par exemple la polaire recycl\u00e9e qui est une mati\u00e8re recycl\u00e9e parfaite pour choisir un article qui limite son impact sur l\u2019environnement et qui dispose des m\u00eames avantages que la polaire classique. Il y a \u00e9galement la laine polaire qui est \u00e0 base de polyester (mati\u00e8re synth\u00e9tique) et qui est connue pour tenir bien chaud. La polaire en microfibre combine polyester, nylon et \u00e9lasthanne ce qui peut rendre son article encore plus isolant. Enfin, on peut aussi parler de la polaire naturelle qui peut \u00eatre notamment en laine de mouton ce qui la rendra plus chaude et agr\u00e9able, mais aussi plus fragile.<\/p>\n\n\n\n<h2 class=\"wp-block-heading\"><strong>O\u00f9 r\u00e9aliser un lavage de plaid&nbsp;?<\/strong><\/h2>\n\n\n\n<p>Le lavage de plaid peut se faire de diff\u00e9rentes mani\u00e8res. Pour les plus petits mod\u00e8les, on peut tout \u00e0 fait r\u00e9aliser un lavage de plaid chez soi d\u00e8s lors que l\u2019on dispose d\u2019un lave-linge. Cependant, si l\u2019on souhaite laver plusieurs plaids \u00e0 la fois ou encore que l\u2019on dispose d\u2019un grand mod\u00e8le qui n\u2019entrerait pas dans sa machine, on peut tout \u00e0 fait choisir de se rendre en laverie automatique. Les machines pr\u00e9sentes en laverie automatique disposent d\u2019une plus grande capacit\u00e9 pour laver son linge en une seule fois et sans s\u2019inqui\u00e9ter de savoir si son article pourra entrer dans la machine. Il est aussi possible de faire appel \u00e0 un pressing, mais il s\u2019agit bien souvent d\u2019une certaine d\u00e9pense \u00e0 prendre en compte que l\u2019on ne recommande que lorsque le plaid est en mati\u00e8re fragile ou tout particuli\u00e8rement on\u00e9reux.<\/p>\n\n\n\n<figure class=\"wp-block-image size-full\"><img decoding=\"async\" width=\"680\" height=\"453\" src=\"https:\/\/www.Wash-ME-laundry.fr\/wp-content\/uploads\/2021\/12\/AdobeStock_454025259.jpg\" alt=\"\" class=\"wp-image-10926\" srcset=\"https:\/\/www.wash-megroup.com\/wp-content\/uploads\/2021\/12\/AdobeStock_454025259.jpg 680w, https:\/\/www.wash-megroup.com\/wp-content\/uploads\/2021\/12\/AdobeStock_454025259-300x200.jpg 300w\" sizes=\"(max-width: 680px) 100vw, 680px\" \/><\/figure>\n\n\n\n<h2 class=\"wp-block-heading\"><strong>Comment faire le lavage d\u2019un plaid&nbsp;?<\/strong><\/h2>\n\n\n\n<p>Pour un lavage de plaid efficace et rapide, c\u2019est donc \u00e0 la maison ou en laverie automatique que \u00e7a se passe. Le plus souvent, il est recommand\u00e9 de lire les instructions pr\u00e9sentes sur l\u2019\u00e9tiquette de son mod\u00e8le, mais si l\u2019on ignore les recommandations du fabricant en la mati\u00e8re, il est toujours possible de suivre nos recommandations. Pour un plaid en mati\u00e8re synth\u00e9tique , on optera pour un programme de moyenne dur\u00e9e entre 30\u00b0 et 40\u00b0 pour \u00e9viter la surchauffe et que le lavage du plaid n\u2019alt\u00e8re pas sa douceur. Si l\u2019on sait que son plaid est en mati\u00e8re naturelle comme de la laine, on choisira alors un cycle d\u00e9di\u00e9 \u00e0 la laine. Le lavage de plaid en machine va ainsi permettre de nettoyer son ou ses plaids en douceur et sans trop les ab\u00eemer.<\/p>\n\n\n\n<p>Pour le s\u00e9chage, il est souvent pr\u00e9conis\u00e9 d\u2019opter pour un s\u00e9chage \u00e0 l\u2019air libre qui permet d\u2019\u00e9viter d&rsquo;ab\u00eemer son plaid. On opte donc pour une belle journ\u00e9e ensoleill\u00e9e afin de profiter d\u2019un s\u00e9chage rapide \u00e0 l\u2019ext\u00e9rieur ou une pi\u00e8ce bien ventil\u00e9e pour un s\u00e9chage en int\u00e9rieur. On peut ensuite \u00e0 nouveau utiliser son plaid ou encore le ranger jusqu\u2019au retour du froid l\u2019ann\u00e9e suivante.<\/p>\n\n\n\n<h2 class=\"wp-block-heading\"><strong>\u00c0 quelle fr\u00e9quence le lavage de plaid est-il recommand\u00e9 ?<\/strong><\/h2>\n\n\n\n<p>Le lavage de plaid est une op\u00e9ration n\u00e9cessaire pour pouvoir b\u00e9n\u00e9ficier d\u2019un plaid doux et qui sent bon. On conseille donc de le laver entre 3 et 4 fois par an en fonction de l\u2019utilisation que l\u2019on en fera. Bien \u00e9videmment, les personnes qui souffrent d\u2019allergies pourront opter pour des lavages plus fr\u00e9quents ou encore celles avec des animaux, car ces derniers peuvent avoir tendance \u00e0 vouloir s\u2019installer dessus (dans ce cas pr\u00e9cis, on vous conseille de trouver un plaid attitr\u00e9 pour votre animal de compagnie). Avec un lavage de plaid \u00e0 temp\u00e9rature moyenne et de fa\u00e7on r\u00e9guli\u00e8re, ce dernier restera propre sans pour autant perdre de sa douceur. Vous pourrez ainsi en profiter tout au long des saisons les plus fra\u00eeches pour vous couvrir et rester bien au chaud d\u00e8s lors que vous serez install\u00e9 sur votre canap\u00e9.<\/p>\n\n\n\n<p>Voici un autre article qui pourrait vous int\u00e9resser : <a href=\"https:\/\/www.wash-megroup.com\/fr-fr\/laver-sa-couette\/\">comment laver sa couette ?<\/a><\/p>\n","protected":false},"excerpt":{"rendered":"<p>Comment faire un lavage de plaid ? Pour les soir\u00e9es d\u2019hiver, le&#8230;<\/p>\n","protected":false},"author":2,"featured_media":18796,"comment_status":"open","ping_status":"closed","sticky":false,"template":"","format":"standard","meta":{"_acf_changed":false,"footnotes":""},"categories":[316],"tags":[],"class_list":["post-162688","post","type-post","status-publish","format-standard","has-post-thumbnail","hentry","category-conseils-lavage-fr-be"],"acf":[],"yoast_head":"<title>Lavage de plaid : comment s\u2019y prendre ? - Wash-ME<\/title>\n<meta name=\"robots\" content=\"index, follow, max-snippet:-1, max-image-preview:large, max-video-preview:-1\" \/>\n<link rel=\"canonical\" href=\"https:\/\/www.wash-megroup.com\/fr-be\/lavage-de-plaid\/\" \/>\n<meta property=\"og:locale\" content=\"fr_FR\" \/>\n<meta property=\"og:type\" content=\"article\" \/>\n<meta property=\"og:title\" content=\"Lavage de plaid : comment s\u2019y prendre ? - Wash-ME\" \/>\n<meta property=\"og:description\" content=\"Comment faire un lavage de plaid ? Pour les soir\u00e9es d\u2019hiver, le...\" \/>\n<meta property=\"og:url\" content=\"https:\/\/www.wash-megroup.com\/fr-be\/lavage-de-plaid\/\" \/>\n<meta property=\"og:site_name\" content=\"Wash-ME\" \/>\n<meta property=\"article:published_time\" content=\"2021-12-13T15:49:47+00:00\" \/>\n<meta property=\"og:image\" content=\"https:\/\/www.revolution-laundry.fr\/wp-content\/uploads\/2021\/12\/AdobeStock_256532744.jpg\" \/>\n<meta name=\"author\" content=\"nicolas\" \/>\n<meta name=\"twitter:card\" content=\"summary_large_image\" \/>\n<meta name=\"twitter:label1\" content=\"\u00c9crit par\" \/>\n\t<meta name=\"twitter:data1\" content=\"nicolas\" \/>\n\t<meta name=\"twitter:label2\" content=\"Dur\u00e9e de lecture est.\" \/>\n\t<meta name=\"twitter:data2\" content=\"5 minutes\" \/>\n<script type=\"application\/ld+json\" class=\"yoast-schema-graph\">{\"@context\":\"https:\/\/schema.org\",\"@graph\":[{\"@type\":\"Article\",\"@id\":\"https:\/\/www.wash-megroup.com\/fr-be\/lavage-de-plaid\/#article\",\"isPartOf\":{\"@id\":\"https:\/\/www.wash-megroup.com\/fr-be\/lavage-de-plaid\/\"},\"author\":{\"name\":\"nicolas\",\"@id\":\"https:\/\/www.wash-megroup.com\/fr-be\/#\/schema\/person\/0c9cd1a9aa291950600dc0150596c038\"},\"headline\":\"Lavage de plaid : comment s\u2019y prendre ?\",\"datePublished\":\"2021-12-13T15:49:47+00:00\",\"mainEntityOfPage\":{\"@id\":\"https:\/\/www.wash-megroup.com\/fr-be\/lavage-de-plaid\/\"},\"wordCount\":910,\"commentCount\":0,\"publisher\":{\"@id\":\"https:\/\/www.wash-megroup.com\/fr-be\/#organization\"},\"image\":{\"@id\":\"https:\/\/www.wash-megroup.com\/fr-be\/lavage-de-plaid\/#primaryimage\"},\"thumbnailUrl\":\"https:\/\/www.wash-megroup.com\/wp-content\/uploads\/2021\/12\/LAVAGE-PLAID_VIGNETTES_SITE-REVO_DECEMBRE-2021.jpg\",\"articleSection\":[\"Conseils lavage\"],\"inLanguage\":\"fr-BE\",\"potentialAction\":[{\"@type\":\"CommentAction\",\"name\":\"Comment\",\"target\":[\"https:\/\/www.wash-megroup.com\/fr-be\/lavage-de-plaid\/#respond\"]}]},{\"@type\":\"WebPage\",\"@id\":\"https:\/\/www.wash-megroup.com\/fr-be\/lavage-de-plaid\/\",\"url\":\"https:\/\/www.wash-megroup.com\/fr-be\/lavage-de-plaid\/\",\"name\":\"Lavage de plaid : comment s\u2019y prendre ? - Wash-ME\",\"isPartOf\":{\"@id\":\"https:\/\/www.wash-megroup.com\/fr-be\/#website\"},\"primaryImageOfPage\":{\"@id\":\"https:\/\/www.wash-megroup.com\/fr-be\/lavage-de-plaid\/#primaryimage\"},\"image\":{\"@id\":\"https:\/\/www.wash-megroup.com\/fr-be\/lavage-de-plaid\/#primaryimage\"},\"thumbnailUrl\":\"https:\/\/www.wash-megroup.com\/wp-content\/uploads\/2021\/12\/LAVAGE-PLAID_VIGNETTES_SITE-REVO_DECEMBRE-2021.jpg\",\"datePublished\":\"2021-12-13T15:49:47+00:00\",\"breadcrumb\":{\"@id\":\"https:\/\/www.wash-megroup.com\/fr-be\/lavage-de-plaid\/#breadcrumb\"},\"inLanguage\":\"fr-BE\",\"potentialAction\":[{\"@type\":\"ReadAction\",\"target\":[\"https:\/\/www.wash-megroup.com\/fr-be\/lavage-de-plaid\/\"]}]},{\"@type\":\"ImageObject\",\"inLanguage\":\"fr-BE\",\"@id\":\"https:\/\/www.wash-megroup.com\/fr-be\/lavage-de-plaid\/#primaryimage\",\"url\":\"https:\/\/www.wash-megroup.com\/wp-content\/uploads\/2021\/12\/LAVAGE-PLAID_VIGNETTES_SITE-REVO_DECEMBRE-2021.jpg\",\"contentUrl\":\"https:\/\/www.wash-megroup.com\/wp-content\/uploads\/2021\/12\/LAVAGE-PLAID_VIGNETTES_SITE-REVO_DECEMBRE-2021.jpg\",\"width\":400,\"height\":400},{\"@type\":\"BreadcrumbList\",\"@id\":\"https:\/\/www.wash-megroup.com\/fr-be\/lavage-de-plaid\/#breadcrumb\",\"itemListElement\":[{\"@type\":\"ListItem\",\"position\":1,\"name\":\"Home\",\"item\":\"https:\/\/www.wash-megroup.com\/fr-be\/\"},{\"@type\":\"ListItem\",\"position\":2,\"name\":\"Lavage de plaid : comment s\u2019y prendre ?\"}]},{\"@type\":\"WebSite\",\"@id\":\"https:\/\/www.wash-megroup.com\/fr-be\/#website\",\"url\":\"https:\/\/www.wash-megroup.com\/fr-be\/\",\"name\":\"Wash-ME\",\"description\":\"Acc\u00e9dez \u00e0 l&#039;espace particulier\",\"publisher\":{\"@id\":\"https:\/\/www.wash-megroup.com\/fr-be\/#organization\"},\"potentialAction\":[{\"@type\":\"SearchAction\",\"target\":{\"@type\":\"EntryPoint\",\"urlTemplate\":\"https:\/\/www.wash-megroup.com\/fr-be\/?s={search_term_string}\"},\"query-input\":{\"@type\":\"PropertyValueSpecification\",\"valueRequired\":true,\"valueName\":\"search_term_string\"}}],\"inLanguage\":\"fr-BE\"},{\"@type\":\"Organization\",\"@id\":\"https:\/\/www.wash-megroup.com\/fr-be\/#organization\",\"name\":\"Wash-ME\",\"url\":\"https:\/\/www.wash-megroup.com\/fr-be\/\",\"logo\":{\"@type\":\"ImageObject\",\"inLanguage\":\"fr-BE\",\"@id\":\"https:\/\/www.wash-megroup.com\/fr-be\/#\/schema\/logo\/image\/\",\"url\":\"https:\/\/www.wash-megroup.com\/wp-content\/uploads\/2021\/07\/logo_revolaundry_white@2x.png\",\"contentUrl\":\"https:\/\/www.wash-megroup.com\/wp-content\/uploads\/2021\/07\/logo_revolaundry_white@2x.png\",\"width\":538,\"height\":146,\"caption\":\"Wash-ME\"},\"image\":{\"@id\":\"https:\/\/www.wash-megroup.com\/fr-be\/#\/schema\/logo\/image\/\"}},{\"@type\":\"Person\",\"@id\":\"https:\/\/www.wash-megroup.com\/fr-be\/#\/schema\/person\/0c9cd1a9aa291950600dc0150596c038\",\"name\":\"nicolas\",\"image\":{\"@type\":\"ImageObject\",\"inLanguage\":\"fr-BE\",\"@id\":\"https:\/\/www.wash-megroup.com\/fr-be\/#\/schema\/person\/image\/\",\"url\":\"https:\/\/secure.gravatar.com\/avatar\/2020af5255620f595c5ef65407fa374390b28fe8c980186c0b76ebbb036baa6b?s=96&d=mm&r=g\",\"contentUrl\":\"https:\/\/secure.gravatar.com\/avatar\/2020af5255620f595c5ef65407fa374390b28fe8c980186c0b76ebbb036baa6b?s=96&d=mm&r=g\",\"caption\":\"nicolas\"},\"url\":\"https:\/\/www.wash-megroup.com\/fr-be\/author\/nicolas\/\"}]}<\/script>","yoast_head_json":{"title":"Lavage de plaid : comment s\u2019y prendre ? - Wash-ME","robots":{"index":"index","follow":"follow","max-snippet":"max-snippet:-1","max-image-preview":"max-image-preview:large","max-video-preview":"max-video-preview:-1"},"canonical":"https:\/\/www.wash-megroup.com\/fr-be\/lavage-de-plaid\/","og_locale":"fr_FR","og_type":"article","og_title":"Lavage de plaid : comment s\u2019y prendre ? - Wash-ME","og_description":"Comment faire un lavage de plaid ? Pour les soir\u00e9es d\u2019hiver, le...","og_url":"https:\/\/www.wash-megroup.com\/fr-be\/lavage-de-plaid\/","og_site_name":"Wash-ME","article_published_time":"2021-12-13T15:49:47+00:00","og_image":[{"url":"https:\/\/www.revolution-laundry.fr\/wp-content\/uploads\/2021\/12\/AdobeStock_256532744.jpg","type":"","width":"","height":""}],"author":"nicolas","twitter_card":"summary_large_image","twitter_misc":{"\u00c9crit par":"nicolas","Dur\u00e9e de lecture est.":"5 minutes"},"schema":{"@context":"https:\/\/schema.org","@graph":[{"@type":"Article","@id":"https:\/\/www.wash-megroup.com\/fr-be\/lavage-de-plaid\/#article","isPartOf":{"@id":"https:\/\/www.wash-megroup.com\/fr-be\/lavage-de-plaid\/"},"author":{"name":"nicolas","@id":"https:\/\/www.wash-megroup.com\/fr-be\/#\/schema\/person\/0c9cd1a9aa291950600dc0150596c038"},"headline":"Lavage de plaid : comment s\u2019y prendre ?","datePublished":"2021-12-13T15:49:47+00:00","mainEntityOfPage":{"@id":"https:\/\/www.wash-megroup.com\/fr-be\/lavage-de-plaid\/"},"wordCount":910,"commentCount":0,"publisher":{"@id":"https:\/\/www.wash-megroup.com\/fr-be\/#organization"},"image":{"@id":"https:\/\/www.wash-megroup.com\/fr-be\/lavage-de-plaid\/#primaryimage"},"thumbnailUrl":"https:\/\/www.wash-megroup.com\/wp-content\/uploads\/2021\/12\/LAVAGE-PLAID_VIGNETTES_SITE-REVO_DECEMBRE-2021.jpg","articleSection":["Conseils lavage"],"inLanguage":"fr-BE","potentialAction":[{"@type":"CommentAction","name":"Comment","target":["https:\/\/www.wash-megroup.com\/fr-be\/lavage-de-plaid\/#respond"]}]},{"@type":"WebPage","@id":"https:\/\/www.wash-megroup.com\/fr-be\/lavage-de-plaid\/","url":"https:\/\/www.wash-megroup.com\/fr-be\/lavage-de-plaid\/","name":"Lavage de plaid : comment s\u2019y prendre ? - Wash-ME","isPartOf":{"@id":"https:\/\/www.wash-megroup.com\/fr-be\/#website"},"primaryImageOfPage":{"@id":"https:\/\/www.wash-megroup.com\/fr-be\/lavage-de-plaid\/#primaryimage"},"image":{"@id":"https:\/\/www.wash-megroup.com\/fr-be\/lavage-de-plaid\/#primaryimage"},"thumbnailUrl":"https:\/\/www.wash-megroup.com\/wp-content\/uploads\/2021\/12\/LAVAGE-PLAID_VIGNETTES_SITE-REVO_DECEMBRE-2021.jpg","datePublished":"2021-12-13T15:49:47+00:00","breadcrumb":{"@id":"https:\/\/www.wash-megroup.com\/fr-be\/lavage-de-plaid\/#breadcrumb"},"inLanguage":"fr-BE","potentialAction":[{"@type":"ReadAction","target":["https:\/\/www.wash-megroup.com\/fr-be\/lavage-de-plaid\/"]}]},{"@type":"ImageObject","inLanguage":"fr-BE","@id":"https:\/\/www.wash-megroup.com\/fr-be\/lavage-de-plaid\/#primaryimage","url":"https:\/\/www.wash-megroup.com\/wp-content\/uploads\/2021\/12\/LAVAGE-PLAID_VIGNETTES_SITE-REVO_DECEMBRE-2021.jpg","contentUrl":"https:\/\/www.wash-megroup.com\/wp-content\/uploads\/2021\/12\/LAVAGE-PLAID_VIGNETTES_SITE-REVO_DECEMBRE-2021.jpg","width":400,"height":400},{"@type":"BreadcrumbList","@id":"https:\/\/www.wash-megroup.com\/fr-be\/lavage-de-plaid\/#breadcrumb","itemListElement":[{"@type":"ListItem","position":1,"name":"Home","item":"https:\/\/www.wash-megroup.com\/fr-be\/"},{"@type":"ListItem","position":2,"name":"Lavage de plaid : comment s\u2019y prendre ?"}]},{"@type":"WebSite","@id":"https:\/\/www.wash-megroup.com\/fr-be\/#website","url":"https:\/\/www.wash-megroup.com\/fr-be\/","name":"Wash-ME","description":"Acc\u00e9dez \u00e0 l&#039;espace particulier","publisher":{"@id":"https:\/\/www.wash-megroup.com\/fr-be\/#organization"},"potentialAction":[{"@type":"SearchAction","target":{"@type":"EntryPoint","urlTemplate":"https:\/\/www.wash-megroup.com\/fr-be\/?s={search_term_string}"},"query-input":{"@type":"PropertyValueSpecification","valueRequired":true,"valueName":"search_term_string"}}],"inLanguage":"fr-BE"},{"@type":"Organization","@id":"https:\/\/www.wash-megroup.com\/fr-be\/#organization","name":"Wash-ME","url":"https:\/\/www.wash-megroup.com\/fr-be\/","logo":{"@type":"ImageObject","inLanguage":"fr-BE","@id":"https:\/\/www.wash-megroup.com\/fr-be\/#\/schema\/logo\/image\/","url":"https:\/\/www.wash-megroup.com\/wp-content\/uploads\/2021\/07\/logo_revolaundry_white@2x.png","contentUrl":"https:\/\/www.wash-megroup.com\/wp-content\/uploads\/2021\/07\/logo_revolaundry_white@2x.png","width":538,"height":146,"caption":"Wash-ME"},"image":{"@id":"https:\/\/www.wash-megroup.com\/fr-be\/#\/schema\/logo\/image\/"}},{"@type":"Person","@id":"https:\/\/www.wash-megroup.com\/fr-be\/#\/schema\/person\/0c9cd1a9aa291950600dc0150596c038","name":"nicolas","image":{"@type":"ImageObject","inLanguage":"fr-BE","@id":"https:\/\/www.wash-megroup.com\/fr-be\/#\/schema\/person\/image\/","url":"https:\/\/secure.gravatar.com\/avatar\/2020af5255620f595c5ef65407fa374390b28fe8c980186c0b76ebbb036baa6b?s=96&d=mm&r=g","contentUrl":"https:\/\/secure.gravatar.com\/avatar\/2020af5255620f595c5ef65407fa374390b28fe8c980186c0b76ebbb036baa6b?s=96&d=mm&r=g","caption":"nicolas"},"url":"https:\/\/www.wash-megroup.com\/fr-be\/author\/nicolas\/"}]}},"_links":{"self":[{"href":"https:\/\/www.wash-megroup.com\/fr-be\/wp-json\/wp\/v2\/posts\/162688","targetHints":{"allow":["GET"]}}],"collection":[{"href":"https:\/\/www.wash-megroup.com\/fr-be\/wp-json\/wp\/v2\/posts"}],"about":[{"href":"https:\/\/www.wash-megroup.com\/fr-be\/wp-json\/wp\/v2\/types\/post"}],"author":[{"embeddable":true,"href":"https:\/\/www.wash-megroup.com\/fr-be\/wp-json\/wp\/v2\/users\/2"}],"replies":[{"embeddable":true,"href":"https:\/\/www.wash-megroup.com\/fr-be\/wp-json\/wp\/v2\/comments?post=162688"}],"version-history":[{"count":0,"href":"https:\/\/www.wash-megroup.com\/fr-be\/wp-json\/wp\/v2\/posts\/162688\/revisions"}],"wp:featuredmedia":[{"embeddable":true,"href":"https:\/\/www.wash-megroup.com\/fr-be\/wp-json\/wp\/v2\/media\/18796"}],"wp:attachment":[{"href":"https:\/\/www.wash-megroup.com\/fr-be\/wp-json\/wp\/v2\/media?parent=162688"}],"wp:term":[{"taxonomy":"category","embeddable":true,"href":"https:\/\/www.wash-megroup.com\/fr-be\/wp-json\/wp\/v2\/categories?post=162688"},{"taxonomy":"post_tag","embeddable":true,"href":"https:\/\/www.wash-megroup.com\/fr-be\/wp-json\/wp\/v2\/tags?post=162688"}],"curies":[{"name":"wp","href":"https:\/\/api.w.org\/{rel}","templated":true}]}}