{"id":218927,"date":"2024-09-30T09:41:00","date_gmt":"2024-09-30T07:41:00","guid":{"rendered":"https:\/\/www.wash-megroup.com\/?p=218927"},"modified":"2024-08-19T11:50:32","modified_gmt":"2024-08-19T09:50:32","slug":"peut-on-laver-une-veste-en-cuir-en-machine","status":"publish","type":"post","link":"https:\/\/www.wash-megroup.com\/fr-fr\/peut-on-laver-une-veste-en-cuir-en-machine\/","title":{"rendered":"Peut-on laver une veste en cuir en machine\u00a0?"},"content":{"rendered":"\n<p>A la mode aviateur, en perfecto, fourr\u00e9e, pr\u00e8s du corps ou tr\u00e8s loose, la veste en cuir prend de nombreuses formes diff\u00e9rentes et peut traverser les ann\u00e9es et les d\u00e9cennies si l\u2019on sait en prendre soin. En effet, une belle veste bien choisie peut traverser les \u00e2ges, il n\u2019est d\u2019ailleurs pas rare de trouver de tr\u00e8s beaux mod\u00e8les en friperie. Mais alors, comment entretenir une veste en cuir\u00a0? Peut-on laver une veste en cuir en machine\u00a0? Quelles sont les pr\u00e9cautions \u00e0 prendre pour qu\u2019elle perdure le plus longtemps possible\u00a0?\u00a0<\/p>\n\n\n\n<h2 class=\"wp-block-heading\">Attention aux ennemis du cuir !<\/h2>\n\n\n\n<p>Tout d\u2019abord, il est primordial de conna\u00eetre les faiblesses de cette mati\u00e8re. En effet, le cuir peut \u00eatre tr\u00e8s robuste et durable, mais certains \u00e9l\u00e9ments peuvent v\u00e9ritablement le fragiliser, c\u2019est notamment le cas de&nbsp;:<\/p>\n\n\n\n<ul class=\"wp-block-list\">\n<li>L\u2019eau\u00a0: Si vous pouvez tout \u00e0 fait porter votre veste en cuir sous la pluie, pensez \u00e0 bien essuyer votre cuir une fois au sec. Un environnement humide peut faire apparaitre des taches qui ne partiront plus ensuite.<\/li>\n\n\n\n<li>Le soleil\u00a0: Un cuir expos\u00e9 trop directement au soleil peut avoir tendance \u00e0 se d\u00e9colorer et se fragiliser. La mati\u00e8re devient alors s\u00e8che et rigide. En limitant l\u2019exposition au soleil, votre veste reste belle bien plus longtemps.<\/li>\n\n\n\n<li>Le temps\u00a0: Sans entretien adapt\u00e9, les nombreuses utilisations et le temps auront forc\u00e9ment raison de votre veste, \u00e0 vous d\u2019agir en pr\u00e9vention pour \u00e9viter cela.<\/li>\n<\/ul>\n\n\n\n<h2 class=\"wp-block-heading\">Peut-on laver une veste en cuir en machine\u00a0?<\/h2>\n\n\n\n<p>Comme \u00e9voqu\u00e9 pr\u00e9c\u00e9demment, l\u2019eau fait partie des ennemis du cuir. D\u00e8s lors, lorsque l\u2019on se demande peut-on laver une veste en cuir en machine, la r\u00e9ponse est non. M\u00eame si la veste en question est tr\u00e8s sale, de l\u2019huile de coude et des m\u00e9thodes adapt\u00e9es seront pr\u00e9f\u00e9rables, car un lavage en machine pourrait d\u00e9t\u00e9riorer de mani\u00e8re irr\u00e9m\u00e9diable votre veste en cuir.\u00a0<\/p>\n\n\n\n<h2 class=\"wp-block-heading\">Comment prendre soin d\u2019une veste en cuir\u00a0?<\/h2>\n\n\n\n<p>Pour un manteau ou une veste en cuir qui dure dans le temps, le premier r\u00e9flexe est d\u2019imperm\u00e9abiliser la mati\u00e8re avant le port. Il existe aujourd\u2019hui des produits aussi bien adapt\u00e9s au cuir lisse, qu&rsquo; au vernis ou encore au daim afin de faire en sorte que l\u2019eau n\u2019accroche pas dessus. Le produit permet de cr\u00e9er un film qui agira comme une v\u00e9ritable barri\u00e8re pour prot\u00e9ger votre veste. Cette m\u00e9thode est \u00e0 appliquer avant le premier port puis de temps \u00e0 autre pour reformer la barri\u00e8re comme il se doit.<\/p>\n\n\n\n<p>Vous pouvez aussi hydrater votre cuir en appliquant d\u00e9licatement une solution adapt\u00e9e. Le cuir va ainsi devenir plus souple et donc mieux r\u00e9sister au temps. En cas de t\u00e2che, mieux vaut solliciter l\u2019expertise d\u2019un pressing qui b\u00e9n\u00e9ficie bien souvent d\u2019astuces ad\u00e9quates en fonction du type de cuir, du type de t\u00e2che, etc. Dans tous les cas, pas de lavage en machine ni de d\u00e9tachant traditionnel, le cuir est une mati\u00e8re qui ob\u00e9it \u00e0 ses propres r\u00e8gles.<\/p>\n\n\n\n<p>Enfin, il est aussi important de stocker une veste en cuir comme il se doit. Pr\u00e9f\u00e9rez l\u2019utilisation d\u2019un cintre de qualit\u00e9 afin de ne pas d\u00e9former votre veste, et d\u2019autant plus si elle p\u00e8se un certain poids. Optez pour un endroit \u00e0 l\u2019abri de la lumi\u00e8re et de la poussi\u00e8re, mais aussi de l\u2019humidit\u00e9 pour vous assurer que la mati\u00e8re reste parfaitement pr\u00e9serv\u00e9e. Soyez aussi prudent lorsque vous portez votre veste afin par exemple de ne pas la griffer.<\/p>\n","protected":false},"excerpt":{"rendered":"<p>A la mode aviateur, en perfecto, fourr\u00e9e, pr\u00e8s du corps ou tr\u00e8s&#8230;<\/p>\n","protected":false},"author":29,"featured_media":218932,"comment_status":"open","ping_status":"closed","sticky":false,"template":"","format":"standard","meta":{"_acf_changed":false,"footnotes":""},"categories":[58],"tags":[436,435,434],"class_list":["post-218927","post","type-post","status-publish","format-standard","has-post-thumbnail","hentry","category-conseils-lavage","tag-cuir","tag-laver-une-veste-en-machine","tag-veste-en-cuire"],"acf":[],"yoast_head":"<title>Peut-on laver une veste en cuir en machine : on vous dit tout !<\/title>\n<meta name=\"description\" content=\"D\u00e9couvrez les techniques \u00e0 conna\u00eetre pour laver une veste en cuir en machine et en prendre soin pour la conserver le plus longtemps possible\" \/>\n<meta name=\"robots\" content=\"index, follow, max-snippet:-1, max-image-preview:large, max-video-preview:-1\" \/>\n<link rel=\"canonical\" href=\"https:\/\/www.wash-megroup.com\/fr-fr\/peut-on-laver-une-veste-en-cuir-en-machine\/\" \/>\n<meta property=\"og:locale\" content=\"fr_FR\" \/>\n<meta property=\"og:type\" content=\"article\" \/>\n<meta property=\"og:title\" content=\"Peut-on laver une veste en cuir en machine : on vous dit tout !\" \/>\n<meta property=\"og:description\" content=\"D\u00e9couvrez les techniques \u00e0 conna\u00eetre pour laver une veste en cuir en machine et en prendre soin pour la conserver le plus longtemps possible\" \/>\n<meta property=\"og:url\" content=\"https:\/\/www.wash-megroup.com\/fr-fr\/peut-on-laver-une-veste-en-cuir-en-machine\/\" \/>\n<meta property=\"og:site_name\" content=\"Wash-ME\" \/>\n<meta property=\"article:published_time\" content=\"2024-09-30T07:41:00+00:00\" \/>\n<meta property=\"og:image\" content=\"https:\/\/www.wash-megroup.com\/wp-content\/uploads\/2024\/08\/Design-sans-titre-29.jpg\" \/>\n\t<meta property=\"og:image:width\" content=\"1080\" \/>\n\t<meta property=\"og:image:height\" content=\"1080\" \/>\n\t<meta property=\"og:image:type\" content=\"image\/jpeg\" \/>\n<meta name=\"author\" content=\"afoukroun\" \/>\n<meta name=\"twitter:card\" content=\"summary_large_image\" \/>\n<meta name=\"twitter:label1\" content=\"\u00c9crit par\" \/>\n\t<meta name=\"twitter:data1\" content=\"afoukroun\" \/>\n\t<meta name=\"twitter:label2\" content=\"Dur\u00e9e de lecture estim\u00e9e\" \/>\n\t<meta name=\"twitter:data2\" content=\"3 minutes\" \/>\n<script type=\"application\/ld+json\" class=\"yoast-schema-graph\">{\"@context\":\"https:\/\/schema.org\",\"@graph\":[{\"@type\":\"Article\",\"@id\":\"https:\/\/www.wash-megroup.com\/fr-fr\/peut-on-laver-une-veste-en-cuir-en-machine\/#article\",\"isPartOf\":{\"@id\":\"https:\/\/www.wash-megroup.com\/fr-fr\/peut-on-laver-une-veste-en-cuir-en-machine\/\"},\"author\":{\"name\":\"afoukroun\",\"@id\":\"https:\/\/www.wash-megroup.com\/fr-fr\/#\/schema\/person\/32e07b6cb34fca28598a89d8c1006a6c\"},\"headline\":\"Peut-on laver une veste en cuir en machine\u00a0?\",\"datePublished\":\"2024-09-30T07:41:00+00:00\",\"mainEntityOfPage\":{\"@id\":\"https:\/\/www.wash-megroup.com\/fr-fr\/peut-on-laver-une-veste-en-cuir-en-machine\/\"},\"wordCount\":639,\"commentCount\":0,\"publisher\":{\"@id\":\"https:\/\/www.wash-megroup.com\/fr-fr\/#organization\"},\"image\":{\"@id\":\"https:\/\/www.wash-megroup.com\/fr-fr\/peut-on-laver-une-veste-en-cuir-en-machine\/#primaryimage\"},\"thumbnailUrl\":\"https:\/\/www.wash-megroup.com\/wp-content\/uploads\/2024\/08\/Design-sans-titre-29.jpg\",\"keywords\":[\"cuir\",\"laver une veste en machine\",\"veste en cuire\"],\"articleSection\":[\"Conseils lavage\"],\"inLanguage\":\"fr-FR\",\"potentialAction\":[{\"@type\":\"CommentAction\",\"name\":\"Comment\",\"target\":[\"https:\/\/www.wash-megroup.com\/fr-fr\/peut-on-laver-une-veste-en-cuir-en-machine\/#respond\"]}]},{\"@type\":\"WebPage\",\"@id\":\"https:\/\/www.wash-megroup.com\/fr-fr\/peut-on-laver-une-veste-en-cuir-en-machine\/\",\"url\":\"https:\/\/www.wash-megroup.com\/fr-fr\/peut-on-laver-une-veste-en-cuir-en-machine\/\",\"name\":\"Peut-on laver une veste en cuir en machine : on vous dit tout !\",\"isPartOf\":{\"@id\":\"https:\/\/www.wash-megroup.com\/fr-fr\/#website\"},\"primaryImageOfPage\":{\"@id\":\"https:\/\/www.wash-megroup.com\/fr-fr\/peut-on-laver-une-veste-en-cuir-en-machine\/#primaryimage\"},\"image\":{\"@id\":\"https:\/\/www.wash-megroup.com\/fr-fr\/peut-on-laver-une-veste-en-cuir-en-machine\/#primaryimage\"},\"thumbnailUrl\":\"https:\/\/www.wash-megroup.com\/wp-content\/uploads\/2024\/08\/Design-sans-titre-29.jpg\",\"datePublished\":\"2024-09-30T07:41:00+00:00\",\"description\":\"D\u00e9couvrez les techniques \u00e0 conna\u00eetre pour laver une veste en cuir en machine et en prendre soin pour la conserver le plus longtemps possible\",\"breadcrumb\":{\"@id\":\"https:\/\/www.wash-megroup.com\/fr-fr\/peut-on-laver-une-veste-en-cuir-en-machine\/#breadcrumb\"},\"inLanguage\":\"fr-FR\",\"potentialAction\":[{\"@type\":\"ReadAction\",\"target\":[\"https:\/\/www.wash-megroup.com\/fr-fr\/peut-on-laver-une-veste-en-cuir-en-machine\/\"]}]},{\"@type\":\"ImageObject\",\"inLanguage\":\"fr-FR\",\"@id\":\"https:\/\/www.wash-megroup.com\/fr-fr\/peut-on-laver-une-veste-en-cuir-en-machine\/#primaryimage\",\"url\":\"https:\/\/www.wash-megroup.com\/wp-content\/uploads\/2024\/08\/Design-sans-titre-29.jpg\",\"contentUrl\":\"https:\/\/www.wash-megroup.com\/wp-content\/uploads\/2024\/08\/Design-sans-titre-29.jpg\",\"width\":1080,\"height\":1080,\"caption\":\"Laver une veste en cuir en machine\"},{\"@type\":\"BreadcrumbList\",\"@id\":\"https:\/\/www.wash-megroup.com\/fr-fr\/peut-on-laver-une-veste-en-cuir-en-machine\/#breadcrumb\",\"itemListElement\":[{\"@type\":\"ListItem\",\"position\":1,\"name\":\"Home\",\"item\":\"https:\/\/www.wash-megroup.com\/fr-fr\/\"},{\"@type\":\"ListItem\",\"position\":2,\"name\":\"Peut-on laver une veste en cuir en machine\u00a0?\"}]},{\"@type\":\"WebSite\",\"@id\":\"https:\/\/www.wash-megroup.com\/fr-fr\/#website\",\"url\":\"https:\/\/www.wash-megroup.com\/fr-fr\/\",\"name\":\"Wash-ME\",\"description\":\"Acc\u00e9dez \u00e0 l&#039;espace particulier\",\"publisher\":{\"@id\":\"https:\/\/www.wash-megroup.com\/fr-fr\/#organization\"},\"potentialAction\":[{\"@type\":\"SearchAction\",\"target\":{\"@type\":\"EntryPoint\",\"urlTemplate\":\"https:\/\/www.wash-megroup.com\/fr-fr\/?s={search_term_string}\"},\"query-input\":{\"@type\":\"PropertyValueSpecification\",\"valueRequired\":true,\"valueName\":\"search_term_string\"}}],\"inLanguage\":\"fr-FR\"},{\"@type\":\"Organization\",\"@id\":\"https:\/\/www.wash-megroup.com\/fr-fr\/#organization\",\"name\":\"Wash-ME\",\"url\":\"https:\/\/www.wash-megroup.com\/fr-fr\/\",\"logo\":{\"@type\":\"ImageObject\",\"inLanguage\":\"fr-FR\",\"@id\":\"https:\/\/www.wash-megroup.com\/fr-fr\/#\/schema\/logo\/image\/\",\"url\":\"https:\/\/www.wash-megroup.com\/wp-content\/uploads\/2021\/07\/logo_revolaundry_white@2x.png\",\"contentUrl\":\"https:\/\/www.wash-megroup.com\/wp-content\/uploads\/2021\/07\/logo_revolaundry_white@2x.png\",\"width\":538,\"height\":146,\"caption\":\"Wash-ME\"},\"image\":{\"@id\":\"https:\/\/www.wash-megroup.com\/fr-fr\/#\/schema\/logo\/image\/\"}},{\"@type\":\"Person\",\"@id\":\"https:\/\/www.wash-megroup.com\/fr-fr\/#\/schema\/person\/32e07b6cb34fca28598a89d8c1006a6c\",\"name\":\"afoukroun\",\"image\":{\"@type\":\"ImageObject\",\"inLanguage\":\"fr-FR\",\"@id\":\"https:\/\/www.wash-megroup.com\/fr-fr\/#\/schema\/person\/image\/\",\"url\":\"https:\/\/secure.gravatar.com\/avatar\/08a042f9fcee470f269e14d38641ba8196f1504a3bcdef5bf8a3493d9388315e?s=96&d=mm&r=g\",\"contentUrl\":\"https:\/\/secure.gravatar.com\/avatar\/08a042f9fcee470f269e14d38641ba8196f1504a3bcdef5bf8a3493d9388315e?s=96&d=mm&r=g\",\"caption\":\"afoukroun\"},\"url\":\"https:\/\/www.wash-megroup.com\/fr-fr\/author\/afoukroun\/\"}]}<\/script>","yoast_head_json":{"title":"Peut-on laver une veste en cuir en machine : on vous dit tout !","description":"D\u00e9couvrez les techniques \u00e0 conna\u00eetre pour laver une veste en cuir en machine et en prendre soin pour la conserver le plus longtemps possible","robots":{"index":"index","follow":"follow","max-snippet":"max-snippet:-1","max-image-preview":"max-image-preview:large","max-video-preview":"max-video-preview:-1"},"canonical":"https:\/\/www.wash-megroup.com\/fr-fr\/peut-on-laver-une-veste-en-cuir-en-machine\/","og_locale":"fr_FR","og_type":"article","og_title":"Peut-on laver une veste en cuir en machine : on vous dit tout !","og_description":"D\u00e9couvrez les techniques \u00e0 conna\u00eetre pour laver une veste en cuir en machine et en prendre soin pour la conserver le plus longtemps possible","og_url":"https:\/\/www.wash-megroup.com\/fr-fr\/peut-on-laver-une-veste-en-cuir-en-machine\/","og_site_name":"Wash-ME","article_published_time":"2024-09-30T07:41:00+00:00","og_image":[{"width":1080,"height":1080,"url":"https:\/\/www.wash-megroup.com\/wp-content\/uploads\/2024\/08\/Design-sans-titre-29.jpg","type":"image\/jpeg"}],"author":"afoukroun","twitter_card":"summary_large_image","twitter_misc":{"\u00c9crit par":"afoukroun","Dur\u00e9e de lecture estim\u00e9e":"3 minutes"},"schema":{"@context":"https:\/\/schema.org","@graph":[{"@type":"Article","@id":"https:\/\/www.wash-megroup.com\/fr-fr\/peut-on-laver-une-veste-en-cuir-en-machine\/#article","isPartOf":{"@id":"https:\/\/www.wash-megroup.com\/fr-fr\/peut-on-laver-une-veste-en-cuir-en-machine\/"},"author":{"name":"afoukroun","@id":"https:\/\/www.wash-megroup.com\/fr-fr\/#\/schema\/person\/32e07b6cb34fca28598a89d8c1006a6c"},"headline":"Peut-on laver une veste en cuir en machine\u00a0?","datePublished":"2024-09-30T07:41:00+00:00","mainEntityOfPage":{"@id":"https:\/\/www.wash-megroup.com\/fr-fr\/peut-on-laver-une-veste-en-cuir-en-machine\/"},"wordCount":639,"commentCount":0,"publisher":{"@id":"https:\/\/www.wash-megroup.com\/fr-fr\/#organization"},"image":{"@id":"https:\/\/www.wash-megroup.com\/fr-fr\/peut-on-laver-une-veste-en-cuir-en-machine\/#primaryimage"},"thumbnailUrl":"https:\/\/www.wash-megroup.com\/wp-content\/uploads\/2024\/08\/Design-sans-titre-29.jpg","keywords":["cuir","laver une veste en machine","veste en cuire"],"articleSection":["Conseils lavage"],"inLanguage":"fr-FR","potentialAction":[{"@type":"CommentAction","name":"Comment","target":["https:\/\/www.wash-megroup.com\/fr-fr\/peut-on-laver-une-veste-en-cuir-en-machine\/#respond"]}]},{"@type":"WebPage","@id":"https:\/\/www.wash-megroup.com\/fr-fr\/peut-on-laver-une-veste-en-cuir-en-machine\/","url":"https:\/\/www.wash-megroup.com\/fr-fr\/peut-on-laver-une-veste-en-cuir-en-machine\/","name":"Peut-on laver une veste en cuir en machine : on vous dit tout !","isPartOf":{"@id":"https:\/\/www.wash-megroup.com\/fr-fr\/#website"},"primaryImageOfPage":{"@id":"https:\/\/www.wash-megroup.com\/fr-fr\/peut-on-laver-une-veste-en-cuir-en-machine\/#primaryimage"},"image":{"@id":"https:\/\/www.wash-megroup.com\/fr-fr\/peut-on-laver-une-veste-en-cuir-en-machine\/#primaryimage"},"thumbnailUrl":"https:\/\/www.wash-megroup.com\/wp-content\/uploads\/2024\/08\/Design-sans-titre-29.jpg","datePublished":"2024-09-30T07:41:00+00:00","description":"D\u00e9couvrez les techniques \u00e0 conna\u00eetre pour laver une veste en cuir en machine et en prendre soin pour la conserver le plus longtemps possible","breadcrumb":{"@id":"https:\/\/www.wash-megroup.com\/fr-fr\/peut-on-laver-une-veste-en-cuir-en-machine\/#breadcrumb"},"inLanguage":"fr-FR","potentialAction":[{"@type":"ReadAction","target":["https:\/\/www.wash-megroup.com\/fr-fr\/peut-on-laver-une-veste-en-cuir-en-machine\/"]}]},{"@type":"ImageObject","inLanguage":"fr-FR","@id":"https:\/\/www.wash-megroup.com\/fr-fr\/peut-on-laver-une-veste-en-cuir-en-machine\/#primaryimage","url":"https:\/\/www.wash-megroup.com\/wp-content\/uploads\/2024\/08\/Design-sans-titre-29.jpg","contentUrl":"https:\/\/www.wash-megroup.com\/wp-content\/uploads\/2024\/08\/Design-sans-titre-29.jpg","width":1080,"height":1080,"caption":"Laver une veste en cuir en machine"},{"@type":"BreadcrumbList","@id":"https:\/\/www.wash-megroup.com\/fr-fr\/peut-on-laver-une-veste-en-cuir-en-machine\/#breadcrumb","itemListElement":[{"@type":"ListItem","position":1,"name":"Home","item":"https:\/\/www.wash-megroup.com\/fr-fr\/"},{"@type":"ListItem","position":2,"name":"Peut-on laver une veste en cuir en machine\u00a0?"}]},{"@type":"WebSite","@id":"https:\/\/www.wash-megroup.com\/fr-fr\/#website","url":"https:\/\/www.wash-megroup.com\/fr-fr\/","name":"Wash-ME","description":"Acc\u00e9dez \u00e0 l&#039;espace particulier","publisher":{"@id":"https:\/\/www.wash-megroup.com\/fr-fr\/#organization"},"potentialAction":[{"@type":"SearchAction","target":{"@type":"EntryPoint","urlTemplate":"https:\/\/www.wash-megroup.com\/fr-fr\/?s={search_term_string}"},"query-input":{"@type":"PropertyValueSpecification","valueRequired":true,"valueName":"search_term_string"}}],"inLanguage":"fr-FR"},{"@type":"Organization","@id":"https:\/\/www.wash-megroup.com\/fr-fr\/#organization","name":"Wash-ME","url":"https:\/\/www.wash-megroup.com\/fr-fr\/","logo":{"@type":"ImageObject","inLanguage":"fr-FR","@id":"https:\/\/www.wash-megroup.com\/fr-fr\/#\/schema\/logo\/image\/","url":"https:\/\/www.wash-megroup.com\/wp-content\/uploads\/2021\/07\/logo_revolaundry_white@2x.png","contentUrl":"https:\/\/www.wash-megroup.com\/wp-content\/uploads\/2021\/07\/logo_revolaundry_white@2x.png","width":538,"height":146,"caption":"Wash-ME"},"image":{"@id":"https:\/\/www.wash-megroup.com\/fr-fr\/#\/schema\/logo\/image\/"}},{"@type":"Person","@id":"https:\/\/www.wash-megroup.com\/fr-fr\/#\/schema\/person\/32e07b6cb34fca28598a89d8c1006a6c","name":"afoukroun","image":{"@type":"ImageObject","inLanguage":"fr-FR","@id":"https:\/\/www.wash-megroup.com\/fr-fr\/#\/schema\/person\/image\/","url":"https:\/\/secure.gravatar.com\/avatar\/08a042f9fcee470f269e14d38641ba8196f1504a3bcdef5bf8a3493d9388315e?s=96&d=mm&r=g","contentUrl":"https:\/\/secure.gravatar.com\/avatar\/08a042f9fcee470f269e14d38641ba8196f1504a3bcdef5bf8a3493d9388315e?s=96&d=mm&r=g","caption":"afoukroun"},"url":"https:\/\/www.wash-megroup.com\/fr-fr\/author\/afoukroun\/"}]}},"_links":{"self":[{"href":"https:\/\/www.wash-megroup.com\/fr-fr\/wp-json\/wp\/v2\/posts\/218927","targetHints":{"allow":["GET"]}}],"collection":[{"href":"https:\/\/www.wash-megroup.com\/fr-fr\/wp-json\/wp\/v2\/posts"}],"about":[{"href":"https:\/\/www.wash-megroup.com\/fr-fr\/wp-json\/wp\/v2\/types\/post"}],"author":[{"embeddable":true,"href":"https:\/\/www.wash-megroup.com\/fr-fr\/wp-json\/wp\/v2\/users\/29"}],"replies":[{"embeddable":true,"href":"https:\/\/www.wash-megroup.com\/fr-fr\/wp-json\/wp\/v2\/comments?post=218927"}],"version-history":[{"count":1,"href":"https:\/\/www.wash-megroup.com\/fr-fr\/wp-json\/wp\/v2\/posts\/218927\/revisions"}],"predecessor-version":[{"id":218947,"href":"https:\/\/www.wash-megroup.com\/fr-fr\/wp-json\/wp\/v2\/posts\/218927\/revisions\/218947"}],"wp:featuredmedia":[{"embeddable":true,"href":"https:\/\/www.wash-megroup.com\/fr-fr\/wp-json\/wp\/v2\/media\/218932"}],"wp:attachment":[{"href":"https:\/\/www.wash-megroup.com\/fr-fr\/wp-json\/wp\/v2\/media?parent=218927"}],"wp:term":[{"taxonomy":"category","embeddable":true,"href":"https:\/\/www.wash-megroup.com\/fr-fr\/wp-json\/wp\/v2\/categories?post=218927"},{"taxonomy":"post_tag","embeddable":true,"href":"https:\/\/www.wash-megroup.com\/fr-fr\/wp-json\/wp\/v2\/tags?post=218927"}],"curies":[{"name":"wp","href":"https:\/\/api.w.org\/{rel}","templated":true}]}}